{"id":3038,"date":"2023-03-22T11:10:38","date_gmt":"2023-03-22T10:10:38","guid":{"rendered":"https:\/\/www.van2go.travel\/?p=3038"},"modified":"2023-03-23T12:19:19","modified_gmt":"2023-03-23T11:19:19","slug":"vorstellung-micro-camper-amsterdam","status":"publish","type":"post","link":"https:\/\/www.van2go.travel\/pl\/vorstellung-micro-camper-amsterdam\/","title":{"rendered":"Vorstellung: Micro Camper Amsterdam"},"content":{"rendered":"\t\t<div data-elementor-type=\"wp-post\" data-elementor-id=\"3038\" class=\"elementor elementor-3038\">\n\t\t\t\t\t\t\t\t\t<section class=\"elementor-section elementor-top-section elementor-element elementor-element-915e5e8 elementor-section-boxed elementor-section-height-default elementor-section-height-default wpr-particle-no wpr-jarallax-no wpr-parallax-no wpr-sticky-section-no\" data-id=\"915e5e8\" data-element_type=\"section\">\n\t\t\t\t\t\t<div class=\"elementor-container elementor-column-gap-default\">\n\t\t\t\t\t<div class=\"elementor-column elementor-col-100 elementor-top-column elementor-element elementor-element-e31e5a8\" data-id=\"e31e5a8\" data-element_type=\"column\">\n\t\t\t<div class=\"elementor-widget-wrap elementor-element-populated\">\n\t\t\t\t\t\t\t\t<div class=\"elementor-element elementor-element-db73e47 elementor-widget elementor-widget-heading\" data-id=\"db73e47\" data-element_type=\"widget\" data-widget_type=\"heading.default\">\n\t\t\t\t<div class=\"elementor-widget-container\">\n\t\t\t<h2 class=\"elementor-heading-title elementor-size-default\">Camping neu erleben mit dem Micro Camper Amsterdam<\/h2>\t\t<\/div>\n\t\t\t\t<\/div>\n\t\t\t\t<div class=\"elementor-element elementor-element-3b7c2fc elementor-widget elementor-widget-text-editor\" data-id=\"3b7c2fc\" data-element_type=\"widget\" data-widget_type=\"text-editor.default\">\n\t\t\t\t<div class=\"elementor-widget-container\">\n\t\t\t\t\t\t\t<p>Der Micro Camper Amsterdam ist da!<\/p><p>Massenweise Touristen-Str\u00f6me und Mainstream-Routen sind nichts f\u00fcr dich? Dann ist der Micro Camper Amsterdam das richtige Fahrzeug f\u00fcr dich!<\/p><p>Entdecke verborgene\u00a0 und geheime Wege mit diesem Fahrzeug abseits des Mainstream-Tourismus.<\/p>\t\t\t\t\t\t<\/div>\n\t\t\t\t<\/div>\n\t\t\t\t\t<\/div>\n\t\t<\/div>\n\t\t\t\t\t\t\t<\/div>\n\t\t<\/section>\n\t\t\t\t<section class=\"elementor-section elementor-top-section elementor-element elementor-element-45dfedf elementor-section-boxed elementor-section-height-default elementor-section-height-default wpr-particle-no wpr-jarallax-no wpr-parallax-no wpr-sticky-section-no\" data-id=\"45dfedf\" data-element_type=\"section\">\n\t\t\t\t\t\t<div class=\"elementor-container elementor-column-gap-default\">\n\t\t\t\t\t<div class=\"elementor-column elementor-col-100 elementor-top-column elementor-element elementor-element-0fbe1a4\" data-id=\"0fbe1a4\" data-element_type=\"column\">\n\t\t\t<div class=\"elementor-widget-wrap elementor-element-populated\">\n\t\t\t\t\t\t\t\t<div class=\"elementor-element elementor-element-5b7e1d5 elementor-widget elementor-widget-heading\" data-id=\"5b7e1d5\" data-element_type=\"widget\" data-widget_type=\"heading.default\">\n\t\t\t\t<div class=\"elementor-widget-container\">\n\t\t\t<h2 class=\"elementor-heading-title elementor-size-default\">4x4 Allradantrieb<\/h2>\t\t<\/div>\n\t\t\t\t<\/div>\n\t\t\t\t<div class=\"elementor-element elementor-element-50b64ee elementor-widget elementor-widget-text-editor\" data-id=\"50b64ee\" data-element_type=\"widget\" data-widget_type=\"text-editor.default\">\n\t\t\t\t<div class=\"elementor-widget-container\">\n\t\t\t\t\t\t\t<p>Der Allradantrieb bringt dich immer und \u00fcberall voran. Ob im Tiefschnee oder auf Ger\u00f6llstra\u00dfen, mit diesem Fahrzeug kommst du \u00fcberall durch.<\/p><p>Die kleinen Abmessungen des Micro Camper Amsterdam helfen dabei, \u00fcberall durchzukommen und dich an den entlegensten Ecken wohl zu f\u00fchlen.<\/p><p>\u00a0<\/p>\t\t\t\t\t\t<\/div>\n\t\t\t\t<\/div>\n\t\t\t\t<div class=\"elementor-element elementor-element-6cd4c2b elementor-arrows-position-inside elementor-pagination-position-outside elementor-widget elementor-widget-image-carousel\" data-id=\"6cd4c2b\" data-element_type=\"widget\" data-settings=\"{&quot;navigation&quot;:&quot;both&quot;,&quot;autoplay&quot;:&quot;yes&quot;,&quot;pause_on_hover&quot;:&quot;yes&quot;,&quot;pause_on_interaction&quot;:&quot;yes&quot;,&quot;autoplay_speed&quot;:5000,&quot;infinite&quot;:&quot;yes&quot;,&quot;speed&quot;:500}\" data-widget_type=\"image-carousel.default\">\n\t\t\t\t<div class=\"elementor-widget-container\">\n\t\t\t\t\t<div class=\"elementor-image-carousel-wrapper swiper-container\" dir=\"ltr\">\n\t\t\t<div class=\"elementor-image-carousel swiper-wrapper\">\n\t\t\t\t\t\t\t\t<div class=\"swiper-slide\"><figure class=\"swiper-slide-inner\"><img decoding=\"async\" class=\"swiper-slide-image\" src=\"https:\/\/www.van2go.travel\/wp-content\/uploads\/2023\/03\/20230316_164733-360x270.jpg\" alt=\"Micro Camper Amsterdam mieten bei Van2Go\" \/><\/figure><\/div><div class=\"swiper-slide\"><figure class=\"swiper-slide-inner\"><img decoding=\"async\" class=\"swiper-slide-image\" src=\"https:\/\/www.van2go.travel\/wp-content\/uploads\/2023\/03\/20230318_092307-360x162.jpg\" alt=\"Micro Camper Amsterdam mieten bei Van2Go\" \/><\/figure><\/div><div class=\"swiper-slide\"><figure class=\"swiper-slide-inner\"><img decoding=\"async\" class=\"swiper-slide-image\" src=\"https:\/\/www.van2go.travel\/wp-content\/uploads\/2023\/03\/20230320_154029-360x162.jpg\" alt=\"Micro Camper Amsterdam mieten bei Van2Go\" \/><\/figure><\/div>\t\t\t<\/div>\n\t\t\t\t\t\t\t\t\t\t\t\t<div class=\"swiper-pagination\"><\/div>\n\t\t\t\t\t\t\t\t\t\t\t\t\t<div class=\"elementor-swiper-button elementor-swiper-button-prev\">\n\t\t\t\t\t\t<i aria-hidden=\"true\" class=\"eicon-chevron-left\"><\/i>\t\t\t\t\t\t<span class=\"elementor-screen-only\">Poprzednie<\/span>\n\t\t\t\t\t<\/div>\n\t\t\t\t\t<div class=\"elementor-swiper-button elementor-swiper-button-next\">\n\t\t\t\t\t\t<i aria-hidden=\"true\" class=\"eicon-chevron-right\"><\/i>\t\t\t\t\t\t<span class=\"elementor-screen-only\">Nast\u0119pne<\/span>\n\t\t\t\t\t<\/div>\n\t\t\t\t\t\t\t\t\t<\/div>\n\t\t\t\t<\/div>\n\t\t\t\t<\/div>\n\t\t\t\t\t<\/div>\n\t\t<\/div>\n\t\t\t\t\t\t\t<\/div>\n\t\t<\/section>\n\t\t\t\t<section class=\"elementor-section elementor-top-section elementor-element elementor-element-94c43ee elementor-section-boxed elementor-section-height-default elementor-section-height-default wpr-particle-no wpr-jarallax-no wpr-parallax-no wpr-sticky-section-no\" data-id=\"94c43ee\" data-element_type=\"section\">\n\t\t\t\t\t\t<div class=\"elementor-container elementor-column-gap-default\">\n\t\t\t\t\t<div class=\"elementor-column elementor-col-100 elementor-top-column elementor-element elementor-element-dd69971\" data-id=\"dd69971\" data-element_type=\"column\">\n\t\t\t<div class=\"elementor-widget-wrap elementor-element-populated\">\n\t\t\t\t\t\t\t\t<div class=\"elementor-element elementor-element-73c040e elementor-widget elementor-widget-heading\" data-id=\"73c040e\" data-element_type=\"widget\" data-widget_type=\"heading.default\">\n\t\t\t\t<div class=\"elementor-widget-container\">\n\t\t\t<h2 class=\"elementor-heading-title elementor-size-default\">Autark kochen<\/h2>\t\t<\/div>\n\t\t\t\t<\/div>\n\t\t\t\t<div class=\"elementor-element elementor-element-e2a15fb elementor-widget elementor-widget-text-editor\" data-id=\"e2a15fb\" data-element_type=\"widget\" data-widget_type=\"text-editor.default\">\n\t\t\t\t<div class=\"elementor-widget-container\">\n\t\t\t\t\t\t\t<p>Doch auch im unwegsamsten Gel\u00e4nde oder im tiefsten Wald musst du nicht auf eine gute K\u00fcche verzichten.<\/p><p>Im Kofferraum des Micro Camper Amsterdam befindet sich eine Campingbox, die dir nicht nur einen Gaskocher bietet, sondern auch einen Frischwassertank mit 12 Litern und eine faltbare Sp\u00fcle. Dabei hast du auch jede Menge Stauraum, um dich mit ausreichend Lebensmitteln versorgen zu k\u00f6nnen.<\/p>\t\t\t\t\t\t<\/div>\n\t\t\t\t<\/div>\n\t\t\t\t<div class=\"elementor-element elementor-element-685af73 elementor-arrows-position-inside elementor-pagination-position-outside elementor-widget elementor-widget-image-carousel\" data-id=\"685af73\" data-element_type=\"widget\" data-settings=\"{&quot;navigation&quot;:&quot;both&quot;,&quot;autoplay&quot;:&quot;yes&quot;,&quot;pause_on_hover&quot;:&quot;yes&quot;,&quot;pause_on_interaction&quot;:&quot;yes&quot;,&quot;autoplay_speed&quot;:5000,&quot;infinite&quot;:&quot;yes&quot;,&quot;speed&quot;:500}\" data-widget_type=\"image-carousel.default\">\n\t\t\t\t<div class=\"elementor-widget-container\">\n\t\t\t\t\t<div class=\"elementor-image-carousel-wrapper swiper-container\" dir=\"ltr\">\n\t\t\t<div class=\"elementor-image-carousel swiper-wrapper\">\n\t\t\t\t\t\t\t\t<div class=\"swiper-slide\"><figure class=\"swiper-slide-inner\"><img decoding=\"async\" class=\"swiper-slide-image\" src=\"https:\/\/www.van2go.travel\/wp-content\/uploads\/2023\/03\/20230320_154400-360x800.jpg\" alt=\"Micro Camper Amsterdam mieten bei Van2Go\" \/><\/figure><\/div><div class=\"swiper-slide\"><figure class=\"swiper-slide-inner\"><img decoding=\"async\" class=\"swiper-slide-image\" src=\"https:\/\/www.van2go.travel\/wp-content\/uploads\/2023\/03\/20230320_154422-360x162.jpg\" alt=\"Micro Camper Amsterdam mieten bei Van2Go\" \/><\/figure><\/div><div class=\"swiper-slide\"><figure class=\"swiper-slide-inner\"><img decoding=\"async\" class=\"swiper-slide-image\" src=\"https:\/\/www.van2go.travel\/wp-content\/uploads\/2023\/03\/20230320_154445-360x800.jpg\" alt=\"Micro Camper Amsterdam mieten bei Van2Go\" \/><\/figure><\/div>\t\t\t<\/div>\n\t\t\t\t\t\t\t\t\t\t\t\t<div class=\"swiper-pagination\"><\/div>\n\t\t\t\t\t\t\t\t\t\t\t\t\t<div class=\"elementor-swiper-button elementor-swiper-button-prev\">\n\t\t\t\t\t\t<i aria-hidden=\"true\" class=\"eicon-chevron-left\"><\/i>\t\t\t\t\t\t<span class=\"elementor-screen-only\">Poprzednie<\/span>\n\t\t\t\t\t<\/div>\n\t\t\t\t\t<div class=\"elementor-swiper-button elementor-swiper-button-next\">\n\t\t\t\t\t\t<i aria-hidden=\"true\" class=\"eicon-chevron-right\"><\/i>\t\t\t\t\t\t<span class=\"elementor-screen-only\">Nast\u0119pne<\/span>\n\t\t\t\t\t<\/div>\n\t\t\t\t\t\t\t\t\t<\/div>\n\t\t\t\t<\/div>\n\t\t\t\t<\/div>\n\t\t\t\t\t<\/div>\n\t\t<\/div>\n\t\t\t\t\t\t\t<\/div>\n\t\t<\/section>\n\t\t\t\t<section class=\"elementor-section elementor-top-section elementor-element elementor-element-ebc2551 elementor-section-boxed elementor-section-height-default elementor-section-height-default wpr-particle-no wpr-jarallax-no wpr-parallax-no wpr-sticky-section-no\" data-id=\"ebc2551\" data-element_type=\"section\">\n\t\t\t\t\t\t<div class=\"elementor-container elementor-column-gap-default\">\n\t\t\t\t\t<div class=\"elementor-column elementor-col-100 elementor-top-column elementor-element elementor-element-b177eab\" data-id=\"b177eab\" data-element_type=\"column\">\n\t\t\t<div class=\"elementor-widget-wrap elementor-element-populated\">\n\t\t\t\t\t\t\t\t<div class=\"elementor-element elementor-element-e26fd32 elementor-widget elementor-widget-heading\" data-id=\"e26fd32\" data-element_type=\"widget\" data-widget_type=\"heading.default\">\n\t\t\t\t<div class=\"elementor-widget-container\">\n\t\t\t<h2 class=\"elementor-heading-title elementor-size-default\">Schlafen wie im Penthouse<\/h2>\t\t<\/div>\n\t\t\t\t<\/div>\n\t\t\t\t<div class=\"elementor-element elementor-element-a81fcdf elementor-widget elementor-widget-text-editor\" data-id=\"a81fcdf\" data-element_type=\"widget\" data-widget_type=\"text-editor.default\">\n\t\t\t\t<div class=\"elementor-widget-container\">\n\t\t\t\t\t\t\t<p>Beim Micro Camper Amsterdam schl\u00e4fst du in einem Dachzelt der Extraklasse.<\/p><p>Mit einer Liegefl\u00e4che von 174 x 267 cm haben mindestens zwei Personen bequem Platz im Dachzelt und es ist immer noch gen\u00fcgend Raum, um seine Sachen verstauen zu k\u00f6nnen. Platzangst kommt hier auf keinen Fall auf.<\/p><p>Das Dachzelt verf\u00fcgt \u00fcber Fenster an jeder Wand, um gen\u00fcgend Licht hinein zu lassen und den 360-Grad-Panoramablick genie\u00dfen zu k\u00f6nnen. Zus\u00e4tzlich ist an jedem Fenster ein Fliegengitter angebracht. So hast du immer frische Luft, ohne l\u00e4stige M\u00fccken. Im Dach befindet sich ein Skyroof, mit durch das du den Sternenhimmel beobachten kannst.<\/p>\t\t\t\t\t\t<\/div>\n\t\t\t\t<\/div>\n\t\t\t\t<div class=\"elementor-element elementor-element-c078369 elementor-widget elementor-widget-image\" data-id=\"c078369\" data-element_type=\"widget\" data-widget_type=\"image.default\">\n\t\t\t\t<div class=\"elementor-widget-container\">\n\t\t\t\t\t\t\t\t\t\t\t\t\t\t\t<img decoding=\"async\" width=\"1220\" height=\"549\" src=\"https:\/\/www.van2go.travel\/wp-content\/uploads\/2023\/03\/20230320_155704-1500x675.jpg\" class=\"attachment-large size-large\" alt=\"Micro Camper Amsterdam mieten bei Van2Go\" srcset=\"https:\/\/www.van2go.travel\/wp-content\/uploads\/2023\/03\/20230320_155704-1500x675.jpg 1500w, https:\/\/www.van2go.travel\/wp-content\/uploads\/2023\/03\/20230320_155704-360x162.jpg 360w, https:\/\/www.van2go.travel\/wp-content\/uploads\/2023\/03\/20230320_155704-750x338.jpg 750w, https:\/\/www.van2go.travel\/wp-content\/uploads\/2023\/03\/20230320_155704-1536x691.jpg 1536w, https:\/\/www.van2go.travel\/wp-content\/uploads\/2023\/03\/20230320_155704-178x80.jpg 178w, https:\/\/www.van2go.travel\/wp-content\/uploads\/2023\/03\/20230320_155704.jpg 1920w\" sizes=\"(max-width: 1220px) 100vw, 1220px\" \/>\t\t\t\t\t\t\t\t\t\t\t\t\t\t\t<\/div>\n\t\t\t\t<\/div>\n\t\t\t\t\t<\/div>\n\t\t<\/div>\n\t\t\t\t\t\t\t<\/div>\n\t\t<\/section>\n\t\t\t\t<section class=\"elementor-section elementor-top-section elementor-element elementor-element-f2b5b06 elementor-section-boxed elementor-section-height-default elementor-section-height-default wpr-particle-no wpr-jarallax-no wpr-parallax-no wpr-sticky-section-no\" data-id=\"f2b5b06\" data-element_type=\"section\">\n\t\t\t\t\t\t<div class=\"elementor-container elementor-column-gap-default\">\n\t\t\t\t\t<div class=\"elementor-column elementor-col-100 elementor-top-column elementor-element elementor-element-d6f572d\" data-id=\"d6f572d\" data-element_type=\"column\">\n\t\t\t<div class=\"elementor-widget-wrap elementor-element-populated\">\n\t\t\t\t\t\t\t\t<div class=\"elementor-element elementor-element-e8860a3 elementor-widget elementor-widget-heading\" data-id=\"e8860a3\" data-element_type=\"widget\" data-widget_type=\"heading.default\">\n\t\t\t\t<div class=\"elementor-widget-container\">\n\t\t\t<h2 class=\"elementor-heading-title elementor-size-default\">Demonstration und Vorstellung auf YouTube<\/h2>\t\t<\/div>\n\t\t\t\t<\/div>\n\t\t\t\t<div class=\"elementor-element elementor-element-c933da9 elementor-widget elementor-widget-text-editor\" data-id=\"c933da9\" data-element_type=\"widget\" data-widget_type=\"text-editor.default\">\n\t\t\t\t<div class=\"elementor-widget-container\">\n\t\t\t\t\t\t\t<p>Vor Kurzem hat uns Gabor vom YouTube Kanal <a href=\"https:\/\/www.youtube.com\/@GoCamping1\" target=\"_blank\" rel=\"noopener\">Go!Camping<\/a> (externer Link zu YouTube) besucht und ein Video \u00fcber den Micro Camper Amsterdam gedreht.<\/p><p>Hier k\u00f6nnt ihr euch das Video anschauen:<\/p><p><a href=\"https:\/\/youtu.be\/xnInpwrgKIQ\" target=\"_blank\" rel=\"noopener\"><img decoding=\"async\" class=\"alignnone wp-image-2407 size-full\" style=\"color: var(--text-color);\" src=\"https:\/\/www.van2go.travel\/wp-content\/uploads\/2022\/06\/youtube_social_icon_dark-1.png\" alt=\"Link zu externem YouTube-Video auf dem Kanal von Van2Go\" width=\"128\" height=\"90\" srcset=\"https:\/\/www.van2go.travel\/wp-content\/uploads\/2022\/06\/youtube_social_icon_dark-1.png 128w, https:\/\/www.van2go.travel\/wp-content\/uploads\/2022\/06\/youtube_social_icon_dark-1-114x80.png 114w\" sizes=\"(max-width: 128px) 100vw, 128px\" \/><\/a><br \/><a style=\"font-size: inherit; background-color: #ffffff;\" href=\"https:\/\/youtu.be\/xnInpwrgKIQ\" target=\"_blank\" rel=\"noopener\">Vorstellung des Micro Camper Amsterdam<\/a><span style=\"color: var(--text-color);\">\u00a0<\/span><span style=\"font-size: inherit; color: var(--text-color);\">(externer Link zu YouTube)<\/span><\/p>\t\t\t\t\t\t<\/div>\n\t\t\t\t<\/div>\n\t\t\t\t\t<\/div>\n\t\t<\/div>\n\t\t\t\t\t\t\t<\/div>\n\t\t<\/section>\n\t\t\t\t<section class=\"elementor-section elementor-top-section elementor-element elementor-element-ab7a6c8 elementor-section-boxed elementor-section-height-default elementor-section-height-default wpr-particle-no wpr-jarallax-no wpr-parallax-no wpr-sticky-section-no\" data-id=\"ab7a6c8\" data-element_type=\"section\">\n\t\t\t\t\t\t<div class=\"elementor-container elementor-column-gap-default\">\n\t\t\t\t\t<div class=\"elementor-column elementor-col-100 elementor-top-column elementor-element elementor-element-d0b66b1\" data-id=\"d0b66b1\" data-element_type=\"column\">\n\t\t\t<div class=\"elementor-widget-wrap elementor-element-populated\">\n\t\t\t\t\t\t\t\t<div class=\"elementor-element elementor-element-526dbdb elementor-widget elementor-widget-heading\" data-id=\"526dbdb\" data-element_type=\"widget\" data-widget_type=\"heading.default\">\n\t\t\t\t<div class=\"elementor-widget-container\">\n\t\t\t<h2 class=\"elementor-heading-title elementor-size-default\">Neugierig geworden?<\/h2>\t\t<\/div>\n\t\t\t\t<\/div>\n\t\t\t\t<div class=\"elementor-element elementor-element-f9d449a elementor-widget elementor-widget-text-editor\" data-id=\"f9d449a\" data-element_type=\"widget\" data-widget_type=\"text-editor.default\">\n\t\t\t\t<div class=\"elementor-widget-container\">\n\t\t\t\t\t\t\t<p>Wenn der Micro Camper Amsterdam dein Interesse geweckt hat, kannst du gerne bei uns vorbei schauen und dir den Camper auch live anschauen und ausprobieren.<\/p><p>Weitere Informationen findest du unter dem folgenden Link:<br \/><a href=\"https:\/\/www.van2go.travel\/catalog\/micro-camper-amsterdam\/\">Micro Camper Amsterdam<\/a><\/p><p>Hier kannst du auch eine Reservierung f\u00fcr den Micro Camper Amsterdam machen.<\/p><p>Wir freuen uns auf dich!<\/p>\t\t\t\t\t\t<\/div>\n\t\t\t\t<\/div>\n\t\t\t\t\t<\/div>\n\t\t<\/div>\n\t\t\t\t\t\t\t<\/div>\n\t\t<\/section>\n\t\t\t\t\t\t\t<\/div>\n\t\t","protected":false},"excerpt":{"rendered":"<p>Der Micro Camper Amsterdam entf\u00fchrt dich an die entlegendsten Ecken. Mit dem 4&#215;4 Allradantrieb kommst du \u00fcberall hin. Entdecke Camping neu und starte dein Abenteuer mit dem Micro Camper Amsterdam.<\/p>\n","protected":false},"author":1,"featured_media":3030,"comment_status":"open","ping_status":"open","sticky":false,"template":"","format":"standard","meta":{"footnotes":""},"categories":[1,29],"tags":[242,243,128,125,124],"class_list":["post-3038","post","type-post","status-publish","format-standard","has-post-thumbnail","hentry","category-allgemein","category-fahrzeugtypen","tag-amsterdam","tag-micro-camper","tag-camper-van","tag-camping","tag-wohnmobil"],"yoast_head":"<!-- This site is optimized with the Yoast SEO plugin v26.6 - https:\/\/yoast.com\/wordpress\/plugins\/seo\/ -->\n<title>Vorstellung: Micro Camper Amsterdam<\/title>\n<meta name=\"description\" content=\"Der Micro Camper Amsterdam entf\u00fchrt dich an die entlegendsten Ecken. Mit dem 4x4 Allradantrieb kommst du \u00fcberall hin.\" \/>\n<meta name=\"robots\" content=\"index, follow, max-snippet:-1, max-image-preview:large, max-video-preview:-1\" \/>\n<link rel=\"canonical\" href=\"https:\/\/www.van2go.travel\/pl\/vorstellung-micro-camper-amsterdam\/\" \/>\n<meta property=\"og:locale\" content=\"pl_PL\" \/>\n<meta property=\"og:locale:alternate\" content=\"de_DE\" \/>\n<meta property=\"og:type\" content=\"article\" \/>\n<meta property=\"og:title\" content=\"Vorstellung: Micro Camper Amsterdam\" \/>\n<meta property=\"og:description\" content=\"Der Micro Camper Amsterdam entf\u00fchrt dich an die entlegendsten Ecken. Mit dem 4x4 Allradantrieb kommst du \u00fcberall hin.\" \/>\n<meta property=\"og:url\" content=\"https:\/\/www.van2go.travel\/pl\/vorstellung-micro-camper-amsterdam\/\" \/>\n<meta property=\"og:site_name\" content=\"Van2Go - Das Microcamping Center in Singen am Bodensee\" \/>\n<meta property=\"article:publisher\" content=\"https:\/\/www.facebook.com\/van2go.travel\" \/>\n<meta property=\"article:published_time\" content=\"2023-03-22T10:10:38+00:00\" \/>\n<meta property=\"article:modified_time\" content=\"2023-03-23T11:19:19+00:00\" \/>\n<meta property=\"og:image\" content=\"https:\/\/www.van2go.travel\/wp-content\/uploads\/2023\/03\/20230316_164733.jpg\" \/>\n\t<meta property=\"og:image:width\" content=\"1920\" \/>\n\t<meta property=\"og:image:height\" content=\"1440\" \/>\n\t<meta property=\"og:image:type\" content=\"image\/jpeg\" \/>\n<meta name=\"author\" content=\"Administrator\" \/>\n<meta name=\"twitter:card\" content=\"summary_large_image\" \/>\n<meta name=\"twitter:label1\" content=\"Napisane przez\" \/>\n\t<meta name=\"twitter:data1\" content=\"Administrator\" \/>\n\t<meta name=\"twitter:label2\" content=\"Szacowany czas czytania\" \/>\n\t<meta name=\"twitter:data2\" content=\"6 minut\" \/>\n<script type=\"application\/ld+json\" class=\"yoast-schema-graph\">{\"@context\":\"https:\/\/schema.org\",\"@graph\":[{\"@type\":\"Article\",\"@id\":\"https:\/\/www.van2go.travel\/vorstellung-micro-camper-amsterdam\/#article\",\"isPartOf\":{\"@id\":\"https:\/\/www.van2go.travel\/vorstellung-micro-camper-amsterdam\/\"},\"author\":{\"name\":\"Administrator\",\"@id\":\"https:\/\/www.van2go.travel\/#\/schema\/person\/043b23b2eb2e627d08228e78808f9818\"},\"headline\":\"Vorstellung: Micro Camper Amsterdam\",\"datePublished\":\"2023-03-22T10:10:38+00:00\",\"dateModified\":\"2023-03-23T11:19:19+00:00\",\"mainEntityOfPage\":{\"@id\":\"https:\/\/www.van2go.travel\/vorstellung-micro-camper-amsterdam\/\"},\"wordCount\":383,\"commentCount\":0,\"publisher\":{\"@id\":\"https:\/\/www.van2go.travel\/#organization\"},\"image\":{\"@id\":\"https:\/\/www.van2go.travel\/vorstellung-micro-camper-amsterdam\/#primaryimage\"},\"thumbnailUrl\":\"https:\/\/www.van2go.travel\/wp-content\/uploads\/2023\/03\/20230316_164733.jpg\",\"keywords\":[\"Amsterdam\",\"Micro Camper\",\"Camper Van\",\"Camping\",\"Wohnmobil\"],\"articleSection\":[\"Allgemein\",\"Fahrzeugtypen\"],\"inLanguage\":\"pl-PL\",\"potentialAction\":[{\"@type\":\"CommentAction\",\"name\":\"Comment\",\"target\":[\"https:\/\/www.van2go.travel\/vorstellung-micro-camper-amsterdam\/#respond\"]}]},{\"@type\":\"WebPage\",\"@id\":\"https:\/\/www.van2go.travel\/vorstellung-micro-camper-amsterdam\/\",\"url\":\"https:\/\/www.van2go.travel\/vorstellung-micro-camper-amsterdam\/\",\"name\":\"Vorstellung: Micro Camper Amsterdam\",\"isPartOf\":{\"@id\":\"https:\/\/www.van2go.travel\/#website\"},\"primaryImageOfPage\":{\"@id\":\"https:\/\/www.van2go.travel\/vorstellung-micro-camper-amsterdam\/#primaryimage\"},\"image\":{\"@id\":\"https:\/\/www.van2go.travel\/vorstellung-micro-camper-amsterdam\/#primaryimage\"},\"thumbnailUrl\":\"https:\/\/www.van2go.travel\/wp-content\/uploads\/2023\/03\/20230316_164733.jpg\",\"datePublished\":\"2023-03-22T10:10:38+00:00\",\"dateModified\":\"2023-03-23T11:19:19+00:00\",\"description\":\"Der Micro Camper Amsterdam entf\u00fchrt dich an die entlegendsten Ecken. Mit dem 4x4 Allradantrieb kommst du \u00fcberall hin.\",\"breadcrumb\":{\"@id\":\"https:\/\/www.van2go.travel\/vorstellung-micro-camper-amsterdam\/#breadcrumb\"},\"inLanguage\":\"pl-PL\",\"potentialAction\":[{\"@type\":\"ReadAction\",\"target\":[\"https:\/\/www.van2go.travel\/vorstellung-micro-camper-amsterdam\/\"]}]},{\"@type\":\"ImageObject\",\"inLanguage\":\"pl-PL\",\"@id\":\"https:\/\/www.van2go.travel\/vorstellung-micro-camper-amsterdam\/#primaryimage\",\"url\":\"https:\/\/www.van2go.travel\/wp-content\/uploads\/2023\/03\/20230316_164733.jpg\",\"contentUrl\":\"https:\/\/www.van2go.travel\/wp-content\/uploads\/2023\/03\/20230316_164733.jpg\",\"width\":1920,\"height\":1440,\"caption\":\"Micro Camper Amsterdam mieten bei Van2Go\"},{\"@type\":\"BreadcrumbList\",\"@id\":\"https:\/\/www.van2go.travel\/vorstellung-micro-camper-amsterdam\/#breadcrumb\",\"itemListElement\":[{\"@type\":\"ListItem\",\"position\":1,\"name\":\"Startseite\",\"item\":\"https:\/\/www.van2go.travel\/\"},{\"@type\":\"ListItem\",\"position\":2,\"name\":\"Vorstellung: Micro Camper Amsterdam\"}]},{\"@type\":\"WebSite\",\"@id\":\"https:\/\/www.van2go.travel\/#website\",\"url\":\"https:\/\/www.van2go.travel\/\",\"name\":\"Van2Go - Das Microcamping Center in Singen am Bodensee\",\"description\":\"Autorisierter H\u00e4ndler des Travelers von squiq, der Nestbox von Ego\u00e9, qeedo Dachzelten, E-Bikes von VanMoof und der Aufbaubatterie Saftkiste. Wir haben die L\u00f6sung, um dein Auto in einen Camper zu verwandeln.\",\"publisher\":{\"@id\":\"https:\/\/www.van2go.travel\/#organization\"},\"potentialAction\":[{\"@type\":\"SearchAction\",\"target\":{\"@type\":\"EntryPoint\",\"urlTemplate\":\"https:\/\/www.van2go.travel\/?s={search_term_string}\"},\"query-input\":{\"@type\":\"PropertyValueSpecification\",\"valueRequired\":true,\"valueName\":\"search_term_string\"}}],\"inLanguage\":\"pl-PL\"},{\"@type\":\"Organization\",\"@id\":\"https:\/\/www.van2go.travel\/#organization\",\"name\":\"Van2Go\",\"url\":\"https:\/\/www.van2go.travel\/\",\"logo\":{\"@type\":\"ImageObject\",\"inLanguage\":\"pl-PL\",\"@id\":\"https:\/\/www.van2go.travel\/#\/schema\/logo\/image\/\",\"url\":\"https:\/\/www.van2go.travel\/wp-content\/uploads\/2021\/12\/Van2Go-Original-Logo_Schrift-rechts-gross.png\",\"contentUrl\":\"https:\/\/www.van2go.travel\/wp-content\/uploads\/2021\/12\/Van2Go-Original-Logo_Schrift-rechts-gross.png\",\"width\":2825,\"height\":1008,\"caption\":\"Van2Go\"},\"image\":{\"@id\":\"https:\/\/www.van2go.travel\/#\/schema\/logo\/image\/\"},\"sameAs\":[\"https:\/\/www.facebook.com\/van2go.travel\"]},{\"@type\":\"Person\",\"@id\":\"https:\/\/www.van2go.travel\/#\/schema\/person\/043b23b2eb2e627d08228e78808f9818\",\"name\":\"Administrator\",\"image\":{\"@type\":\"ImageObject\",\"inLanguage\":\"pl-PL\",\"@id\":\"https:\/\/www.van2go.travel\/#\/schema\/person\/image\/\",\"url\":\"https:\/\/secure.gravatar.com\/avatar\/3ee596e232b00901de3737128c55d4ad?s=96&d=mm&r=g\",\"contentUrl\":\"https:\/\/secure.gravatar.com\/avatar\/3ee596e232b00901de3737128c55d4ad?s=96&d=mm&r=g\",\"caption\":\"Administrator\"},\"sameAs\":[\"http:\/\/van2go.travel\"],\"url\":\"https:\/\/www.van2go.travel\/pl\/author\/administrator\/\"}]}<\/script>\n<!-- \/ Yoast SEO plugin. -->","yoast_head_json":{"title":"Vorstellung: Micro Camper Amsterdam","description":"Der Micro Camper Amsterdam entf\u00fchrt dich an die entlegendsten Ecken. Mit dem 4x4 Allradantrieb kommst du \u00fcberall hin.","robots":{"index":"index","follow":"follow","max-snippet":"max-snippet:-1","max-image-preview":"max-image-preview:large","max-video-preview":"max-video-preview:-1"},"canonical":"https:\/\/www.van2go.travel\/pl\/vorstellung-micro-camper-amsterdam\/","og_locale":"pl_PL","og_type":"article","og_title":"[:de]Vorstellung: Micro Camper Amsterdam[:] - Van2Go - Das Microcamping Center in Singen am Bodensee","og_description":"Der Micro Camper Amsterdam entf\u00fchrt dich an die entlegendsten Ecken. Mit dem 4x4 Allradantrieb kommst du \u00fcberall hin.","og_url":"https:\/\/www.van2go.travel\/pl\/vorstellung-micro-camper-amsterdam\/","og_site_name":"Van2Go - Das Microcamping Center in Singen am Bodensee","article_publisher":"https:\/\/www.facebook.com\/van2go.travel","article_published_time":"2023-03-22T10:10:38+00:00","article_modified_time":"2023-03-23T11:19:19+00:00","og_image":[{"width":1920,"height":1440,"url":"https:\/\/www.van2go.travel\/wp-content\/uploads\/2023\/03\/20230316_164733.jpg","type":"image\/jpeg"}],"author":"Administrator","twitter_card":"summary_large_image","twitter_misc":{"Napisane przez":"Administrator","Szacowany czas czytania":"6 minut"},"schema":{"@context":"https:\/\/schema.org","@graph":[{"@type":"Article","@id":"https:\/\/www.van2go.travel\/vorstellung-micro-camper-amsterdam\/#article","isPartOf":{"@id":"https:\/\/www.van2go.travel\/vorstellung-micro-camper-amsterdam\/"},"author":{"name":"Administrator","@id":"https:\/\/www.van2go.travel\/#\/schema\/person\/043b23b2eb2e627d08228e78808f9818"},"headline":"Vorstellung: Micro Camper Amsterdam","datePublished":"2023-03-22T10:10:38+00:00","dateModified":"2023-03-23T11:19:19+00:00","mainEntityOfPage":{"@id":"https:\/\/www.van2go.travel\/vorstellung-micro-camper-amsterdam\/"},"wordCount":383,"commentCount":0,"publisher":{"@id":"https:\/\/www.van2go.travel\/#organization"},"image":{"@id":"https:\/\/www.van2go.travel\/vorstellung-micro-camper-amsterdam\/#primaryimage"},"thumbnailUrl":"https:\/\/www.van2go.travel\/wp-content\/uploads\/2023\/03\/20230316_164733.jpg","keywords":["Amsterdam","Micro Camper","Camper Van","Camping","Wohnmobil"],"articleSection":["Allgemein","Fahrzeugtypen"],"inLanguage":"pl-PL","potentialAction":[{"@type":"CommentAction","name":"Comment","target":["https:\/\/www.van2go.travel\/vorstellung-micro-camper-amsterdam\/#respond"]}]},{"@type":"WebPage","@id":"https:\/\/www.van2go.travel\/vorstellung-micro-camper-amsterdam\/","url":"https:\/\/www.van2go.travel\/vorstellung-micro-camper-amsterdam\/","name":"Vorstellung: Micro Camper Amsterdam","isPartOf":{"@id":"https:\/\/www.van2go.travel\/#website"},"primaryImageOfPage":{"@id":"https:\/\/www.van2go.travel\/vorstellung-micro-camper-amsterdam\/#primaryimage"},"image":{"@id":"https:\/\/www.van2go.travel\/vorstellung-micro-camper-amsterdam\/#primaryimage"},"thumbnailUrl":"https:\/\/www.van2go.travel\/wp-content\/uploads\/2023\/03\/20230316_164733.jpg","datePublished":"2023-03-22T10:10:38+00:00","dateModified":"2023-03-23T11:19:19+00:00","description":"Der Micro Camper Amsterdam entf\u00fchrt dich an die entlegendsten Ecken. Mit dem 4x4 Allradantrieb kommst du \u00fcberall hin.","breadcrumb":{"@id":"https:\/\/www.van2go.travel\/vorstellung-micro-camper-amsterdam\/#breadcrumb"},"inLanguage":"pl-PL","potentialAction":[{"@type":"ReadAction","target":["https:\/\/www.van2go.travel\/vorstellung-micro-camper-amsterdam\/"]}]},{"@type":"ImageObject","inLanguage":"pl-PL","@id":"https:\/\/www.van2go.travel\/vorstellung-micro-camper-amsterdam\/#primaryimage","url":"https:\/\/www.van2go.travel\/wp-content\/uploads\/2023\/03\/20230316_164733.jpg","contentUrl":"https:\/\/www.van2go.travel\/wp-content\/uploads\/2023\/03\/20230316_164733.jpg","width":1920,"height":1440,"caption":"Micro Camper Amsterdam mieten bei Van2Go"},{"@type":"BreadcrumbList","@id":"https:\/\/www.van2go.travel\/vorstellung-micro-camper-amsterdam\/#breadcrumb","itemListElement":[{"@type":"ListItem","position":1,"name":"Startseite","item":"https:\/\/www.van2go.travel\/"},{"@type":"ListItem","position":2,"name":"Vorstellung: Micro Camper Amsterdam"}]},{"@type":"WebSite","@id":"https:\/\/www.van2go.travel\/#website","url":"https:\/\/www.van2go.travel\/","name":"Van2Go - Das Microcamping Center in Singen am Bodensee","description":"Autorisierter H\u00e4ndler des Travelers von squiq, der Nestbox von Ego\u00e9, qeedo Dachzelten, E-Bikes von VanMoof und der Aufbaubatterie Saftkiste. Wir haben die L\u00f6sung, um dein Auto in einen Camper zu verwandeln.","publisher":{"@id":"https:\/\/www.van2go.travel\/#organization"},"potentialAction":[{"@type":"SearchAction","target":{"@type":"EntryPoint","urlTemplate":"https:\/\/www.van2go.travel\/?s={search_term_string}"},"query-input":{"@type":"PropertyValueSpecification","valueRequired":true,"valueName":"search_term_string"}}],"inLanguage":"pl-PL"},{"@type":"Organization","@id":"https:\/\/www.van2go.travel\/#organization","name":"Van2Go","url":"https:\/\/www.van2go.travel\/","logo":{"@type":"ImageObject","inLanguage":"pl-PL","@id":"https:\/\/www.van2go.travel\/#\/schema\/logo\/image\/","url":"https:\/\/www.van2go.travel\/wp-content\/uploads\/2021\/12\/Van2Go-Original-Logo_Schrift-rechts-gross.png","contentUrl":"https:\/\/www.van2go.travel\/wp-content\/uploads\/2021\/12\/Van2Go-Original-Logo_Schrift-rechts-gross.png","width":2825,"height":1008,"caption":"Van2Go"},"image":{"@id":"https:\/\/www.van2go.travel\/#\/schema\/logo\/image\/"},"sameAs":["https:\/\/www.facebook.com\/van2go.travel"]},{"@type":"Person","@id":"https:\/\/www.van2go.travel\/#\/schema\/person\/043b23b2eb2e627d08228e78808f9818","name":"Administrator","image":{"@type":"ImageObject","inLanguage":"pl-PL","@id":"https:\/\/www.van2go.travel\/#\/schema\/person\/image\/","url":"https:\/\/secure.gravatar.com\/avatar\/3ee596e232b00901de3737128c55d4ad?s=96&d=mm&r=g","contentUrl":"https:\/\/secure.gravatar.com\/avatar\/3ee596e232b00901de3737128c55d4ad?s=96&d=mm&r=g","caption":"Administrator"},"sameAs":["http:\/\/van2go.travel"],"url":"https:\/\/www.van2go.travel\/pl\/author\/administrator\/"}]}},"_links":{"self":[{"href":"https:\/\/www.van2go.travel\/pl\/wp-json\/wp\/v2\/posts\/3038","targetHints":{"allow":["GET"]}}],"collection":[{"href":"https:\/\/www.van2go.travel\/pl\/wp-json\/wp\/v2\/posts"}],"about":[{"href":"https:\/\/www.van2go.travel\/pl\/wp-json\/wp\/v2\/types\/post"}],"author":[{"embeddable":true,"href":"https:\/\/www.van2go.travel\/pl\/wp-json\/wp\/v2\/users\/1"}],"replies":[{"embeddable":true,"href":"https:\/\/www.van2go.travel\/pl\/wp-json\/wp\/v2\/comments?post=3038"}],"version-history":[{"count":10,"href":"https:\/\/www.van2go.travel\/pl\/wp-json\/wp\/v2\/posts\/3038\/revisions"}],"predecessor-version":[{"id":3053,"href":"https:\/\/www.van2go.travel\/pl\/wp-json\/wp\/v2\/posts\/3038\/revisions\/3053"}],"wp:featuredmedia":[{"embeddable":true,"href":"https:\/\/www.van2go.travel\/pl\/wp-json\/wp\/v2\/media\/3030"}],"wp:attachment":[{"href":"https:\/\/www.van2go.travel\/pl\/wp-json\/wp\/v2\/media?parent=3038"}],"wp:term":[{"taxonomy":"category","embeddable":true,"href":"https:\/\/www.van2go.travel\/pl\/wp-json\/wp\/v2\/categories?post=3038"},{"taxonomy":"post_tag","embeddable":true,"href":"https:\/\/www.van2go.travel\/pl\/wp-json\/wp\/v2\/tags?post=3038"}],"curies":[{"name":"wp","href":"https:\/\/api.w.org\/{rel}","templated":true}]}}