{"id":2898,"date":"2023-03-08T10:30:47","date_gmt":"2023-03-08T09:30:47","guid":{"rendered":"https:\/\/www.van2go.travel\/?p=2898"},"modified":"2023-03-08T10:45:00","modified_gmt":"2023-03-08T09:45:00","slug":"vorstellung-camper-van-wien","status":"publish","type":"post","link":"https:\/\/www.van2go.travel\/pl\/vorstellung-camper-van-wien\/","title":{"rendered":"Vorstellung: Camper Van Wien"},"content":{"rendered":"\t\t<div data-elementor-type=\"wp-post\" data-elementor-id=\"2898\" class=\"elementor elementor-2898\">\n\t\t\t\t\t\t\t\t\t<section class=\"elementor-section elementor-top-section elementor-element elementor-element-915e5e8 elementor-section-boxed elementor-section-height-default elementor-section-height-default wpr-particle-no wpr-jarallax-no wpr-parallax-no wpr-sticky-section-no\" data-id=\"915e5e8\" data-element_type=\"section\">\n\t\t\t\t\t\t<div class=\"elementor-container elementor-column-gap-default\">\n\t\t\t\t\t<div class=\"elementor-column elementor-col-100 elementor-top-column elementor-element elementor-element-e31e5a8\" data-id=\"e31e5a8\" data-element_type=\"column\">\n\t\t\t<div class=\"elementor-widget-wrap elementor-element-populated\">\n\t\t\t\t\t\t\t\t<div class=\"elementor-element elementor-element-db73e47 elementor-widget elementor-widget-heading\" data-id=\"db73e47\" data-element_type=\"widget\" data-widget_type=\"heading.default\">\n\t\t\t\t<div class=\"elementor-widget-container\">\n\t\t\t<h2 class=\"elementor-heading-title elementor-size-default\">Unser Neuling: Der Camper Van Wien<\/h2>\t\t<\/div>\n\t\t\t\t<\/div>\n\t\t\t\t<div class=\"elementor-element elementor-element-3b7c2fc elementor-widget elementor-widget-text-editor\" data-id=\"3b7c2fc\" data-element_type=\"widget\" data-widget_type=\"text-editor.default\">\n\t\t\t\t<div class=\"elementor-widget-container\">\n\t\t\t\t\t\t\t<p>Der Camper Van Wien ist da!<\/p><p>Dieses tolle Fahrzeug ist das wohl am meisten flexible Wohnmobil in unserer Flotte. Mit Sitzpl\u00e4tzen f\u00fcr bis zu f\u00fcnf Personen und zwei Schlafm\u00f6glichkeiten auf kleinstem Raum, ohne auf eine vollwertige K\u00fcche verzichten zu m\u00fcssen, ist der Camper Van Wien ein wahres Alltagswunder.<\/p>\t\t\t\t\t\t<\/div>\n\t\t\t\t<\/div>\n\t\t\t\t\t<\/div>\n\t\t<\/div>\n\t\t\t\t\t\t\t<\/div>\n\t\t<\/section>\n\t\t\t\t<section class=\"elementor-section elementor-top-section elementor-element elementor-element-45dfedf elementor-section-boxed elementor-section-height-default elementor-section-height-default wpr-particle-no wpr-jarallax-no wpr-parallax-no wpr-sticky-section-no\" data-id=\"45dfedf\" data-element_type=\"section\">\n\t\t\t\t\t\t<div class=\"elementor-container elementor-column-gap-default\">\n\t\t\t\t\t<div class=\"elementor-column elementor-col-100 elementor-top-column elementor-element elementor-element-0fbe1a4\" data-id=\"0fbe1a4\" data-element_type=\"column\">\n\t\t\t<div class=\"elementor-widget-wrap elementor-element-populated\">\n\t\t\t\t\t\t\t\t<div class=\"elementor-element elementor-element-5b7e1d5 elementor-widget elementor-widget-heading\" data-id=\"5b7e1d5\" data-element_type=\"widget\" data-widget_type=\"heading.default\">\n\t\t\t\t<div class=\"elementor-widget-container\">\n\t\t\t<h2 class=\"elementor-heading-title elementor-size-default\">Reisen mit der ganzen Famile<\/h2>\t\t<\/div>\n\t\t\t\t<\/div>\n\t\t\t\t<div class=\"elementor-element elementor-element-50b64ee elementor-widget elementor-widget-text-editor\" data-id=\"50b64ee\" data-element_type=\"widget\" data-widget_type=\"text-editor.default\">\n\t\t\t\t<div class=\"elementor-widget-container\">\n\t\t\t\t\t\t\t<p>Durch die f\u00fcnf Sitzpl\u00e4tze (zwei vorne, drei auf der R\u00fcckbank) ist das Reisen mit diesem Fahrzeug so angenehm wie in einem normalen Auto.<\/p><p>Zum Schlafen kann man die Sitzbank in Sekunden zu einem Bett umbauen. Im Aufstelldach befindet sich ein zweites Bett, in dem man \u00fcber den gesamten Campingplatz blicken kann und ein Penthouse-Feeling genie\u00dft.<\/p>\t\t\t\t\t\t<\/div>\n\t\t\t\t<\/div>\n\t\t\t\t<div class=\"elementor-element elementor-element-6cd4c2b elementor-arrows-position-inside elementor-pagination-position-outside elementor-widget elementor-widget-image-carousel\" data-id=\"6cd4c2b\" data-element_type=\"widget\" data-settings=\"{&quot;navigation&quot;:&quot;both&quot;,&quot;autoplay&quot;:&quot;yes&quot;,&quot;pause_on_hover&quot;:&quot;yes&quot;,&quot;pause_on_interaction&quot;:&quot;yes&quot;,&quot;autoplay_speed&quot;:5000,&quot;infinite&quot;:&quot;yes&quot;,&quot;speed&quot;:500}\" data-widget_type=\"image-carousel.default\">\n\t\t\t\t<div class=\"elementor-widget-container\">\n\t\t\t\t\t<div class=\"elementor-image-carousel-wrapper swiper-container\" dir=\"ltr\">\n\t\t\t<div class=\"elementor-image-carousel swiper-wrapper\">\n\t\t\t\t\t\t\t\t<div class=\"swiper-slide\"><figure class=\"swiper-slide-inner\"><img decoding=\"async\" class=\"swiper-slide-image\" src=\"https:\/\/www.van2go.travel\/wp-content\/uploads\/2022\/12\/20230306_115513-360x270.jpg\" alt=\"Camper Van Wien bei Van2Go mieten\" \/><\/figure><\/div><div class=\"swiper-slide\"><figure class=\"swiper-slide-inner\"><img decoding=\"async\" class=\"swiper-slide-image\" src=\"https:\/\/www.van2go.travel\/wp-content\/uploads\/2022\/12\/20230306_115528-360x270.jpg\" alt=\"Camper Van Wien bei Van2Go mieten\" \/><\/figure><\/div><div class=\"swiper-slide\"><figure class=\"swiper-slide-inner\"><img decoding=\"async\" class=\"swiper-slide-image\" src=\"https:\/\/www.van2go.travel\/wp-content\/uploads\/2022\/12\/20230306_115931-360x270.jpg\" alt=\"Camper Van Wien bei Van2Go mieten\" \/><\/figure><\/div><div class=\"swiper-slide\"><figure class=\"swiper-slide-inner\"><img decoding=\"async\" class=\"swiper-slide-image\" src=\"https:\/\/www.van2go.travel\/wp-content\/uploads\/2022\/12\/panama-van-lifestyle-111-1024x682-1-360x240.jpg\" alt=\"Camper Van Wien. Foto: MEDITERRANEO VDL\" \/><\/figure><\/div><div class=\"swiper-slide\"><figure class=\"swiper-slide-inner\"><img decoding=\"async\" class=\"swiper-slide-image\" src=\"https:\/\/www.van2go.travel\/wp-content\/uploads\/2022\/12\/20230306_120456-360x481.jpg\" alt=\"Camper Van Wien bei Van2Go mieten\" \/><\/figure><\/div><div class=\"swiper-slide\"><figure class=\"swiper-slide-inner\"><img decoding=\"async\" class=\"swiper-slide-image\" src=\"https:\/\/www.van2go.travel\/wp-content\/uploads\/2022\/12\/panama-van-lifestyle-112-1024x682-1-360x240.jpg\" alt=\"Camper Van Wien. Foto: MEDITERRANEO VDL\" \/><\/figure><\/div>\t\t\t<\/div>\n\t\t\t\t\t\t\t\t\t\t\t\t<div class=\"swiper-pagination\"><\/div>\n\t\t\t\t\t\t\t\t\t\t\t\t\t<div class=\"elementor-swiper-button elementor-swiper-button-prev\">\n\t\t\t\t\t\t<i aria-hidden=\"true\" class=\"eicon-chevron-left\"><\/i>\t\t\t\t\t\t<span class=\"elementor-screen-only\">Poprzednie<\/span>\n\t\t\t\t\t<\/div>\n\t\t\t\t\t<div class=\"elementor-swiper-button elementor-swiper-button-next\">\n\t\t\t\t\t\t<i aria-hidden=\"true\" class=\"eicon-chevron-right\"><\/i>\t\t\t\t\t\t<span class=\"elementor-screen-only\">Nast\u0119pne<\/span>\n\t\t\t\t\t<\/div>\n\t\t\t\t\t\t\t\t\t<\/div>\n\t\t\t\t<\/div>\n\t\t\t\t<\/div>\n\t\t\t\t\t<\/div>\n\t\t<\/div>\n\t\t\t\t\t\t\t<\/div>\n\t\t<\/section>\n\t\t\t\t<section class=\"elementor-section elementor-top-section elementor-element elementor-element-94c43ee elementor-section-boxed elementor-section-height-default elementor-section-height-default wpr-particle-no wpr-jarallax-no wpr-parallax-no wpr-sticky-section-no\" data-id=\"94c43ee\" data-element_type=\"section\">\n\t\t\t\t\t\t<div class=\"elementor-container elementor-column-gap-default\">\n\t\t\t\t\t<div class=\"elementor-column elementor-col-100 elementor-top-column elementor-element elementor-element-dd69971\" data-id=\"dd69971\" data-element_type=\"column\">\n\t\t\t<div class=\"elementor-widget-wrap elementor-element-populated\">\n\t\t\t\t\t\t\t\t<div class=\"elementor-element elementor-element-73c040e elementor-widget elementor-widget-heading\" data-id=\"73c040e\" data-element_type=\"widget\" data-widget_type=\"heading.default\">\n\t\t\t\t<div class=\"elementor-widget-container\">\n\t\t\t<h2 class=\"elementor-heading-title elementor-size-default\">Kochen wie zu Hause<\/h2>\t\t<\/div>\n\t\t\t\t<\/div>\n\t\t\t\t<div class=\"elementor-element elementor-element-e2a15fb elementor-widget elementor-widget-text-editor\" data-id=\"e2a15fb\" data-element_type=\"widget\" data-widget_type=\"text-editor.default\">\n\t\t\t\t<div class=\"elementor-widget-container\">\n\t\t\t\t\t\t\t<p>Die K\u00fcche bietet mit ihrem Zwei-Flammen-Gaskocher ausreichend M\u00f6glichkeit, jederzeit eine tolle Mahlzeit zuzubereiten. In der Sp\u00fcle lassen sich das Geschirr und Besteck bequem abwaschen. Eine Arbeitsplattenerweiterung ist auch vorhanden und kann bei Bedarf ausgeklappt werden.<\/p>\t\t\t\t\t\t<\/div>\n\t\t\t\t<\/div>\n\t\t\t\t<div class=\"elementor-element elementor-element-685af73 elementor-arrows-position-inside elementor-pagination-position-outside elementor-widget elementor-widget-image-carousel\" data-id=\"685af73\" data-element_type=\"widget\" data-settings=\"{&quot;navigation&quot;:&quot;both&quot;,&quot;autoplay&quot;:&quot;yes&quot;,&quot;pause_on_hover&quot;:&quot;yes&quot;,&quot;pause_on_interaction&quot;:&quot;yes&quot;,&quot;autoplay_speed&quot;:5000,&quot;infinite&quot;:&quot;yes&quot;,&quot;speed&quot;:500}\" data-widget_type=\"image-carousel.default\">\n\t\t\t\t<div class=\"elementor-widget-container\">\n\t\t\t\t\t<div class=\"elementor-image-carousel-wrapper swiper-container\" dir=\"ltr\">\n\t\t\t<div class=\"elementor-image-carousel swiper-wrapper\">\n\t\t\t\t\t\t\t\t<div class=\"swiper-slide\"><figure class=\"swiper-slide-inner\"><img decoding=\"async\" class=\"swiper-slide-image\" src=\"https:\/\/www.van2go.travel\/wp-content\/uploads\/2022\/12\/20230306_120208-360x270.jpg\" alt=\"Camper Van Wien bei Van2Go mieten\" \/><\/figure><\/div><div class=\"swiper-slide\"><figure class=\"swiper-slide-inner\"><img decoding=\"async\" class=\"swiper-slide-image\" src=\"https:\/\/www.van2go.travel\/wp-content\/uploads\/2022\/12\/20230306_120145-360x270.jpg\" alt=\"Camper Van Wien bei Van2Go mieten\" \/><\/figure><\/div><div class=\"swiper-slide\"><figure class=\"swiper-slide-inner\"><img decoding=\"async\" class=\"swiper-slide-image\" src=\"https:\/\/www.van2go.travel\/wp-content\/uploads\/2022\/12\/20230306_120136-360x482.jpg\" alt=\"Camper Van Wien bei Van2Go mieten\" \/><\/figure><\/div>\t\t\t<\/div>\n\t\t\t\t\t\t\t\t\t\t\t\t<div class=\"swiper-pagination\"><\/div>\n\t\t\t\t\t\t\t\t\t\t\t\t\t<div class=\"elementor-swiper-button elementor-swiper-button-prev\">\n\t\t\t\t\t\t<i aria-hidden=\"true\" class=\"eicon-chevron-left\"><\/i>\t\t\t\t\t\t<span class=\"elementor-screen-only\">Poprzednie<\/span>\n\t\t\t\t\t<\/div>\n\t\t\t\t\t<div class=\"elementor-swiper-button elementor-swiper-button-next\">\n\t\t\t\t\t\t<i aria-hidden=\"true\" class=\"eicon-chevron-right\"><\/i>\t\t\t\t\t\t<span class=\"elementor-screen-only\">Nast\u0119pne<\/span>\n\t\t\t\t\t<\/div>\n\t\t\t\t\t\t\t\t\t<\/div>\n\t\t\t\t<\/div>\n\t\t\t\t<\/div>\n\t\t\t\t\t<\/div>\n\t\t<\/div>\n\t\t\t\t\t\t\t<\/div>\n\t\t<\/section>\n\t\t\t\t<section class=\"elementor-section elementor-top-section elementor-element elementor-element-ebc2551 elementor-section-boxed elementor-section-height-default elementor-section-height-default wpr-particle-no wpr-jarallax-no wpr-parallax-no wpr-sticky-section-no\" data-id=\"ebc2551\" data-element_type=\"section\">\n\t\t\t\t\t\t<div class=\"elementor-container elementor-column-gap-default\">\n\t\t\t\t\t<div class=\"elementor-column elementor-col-100 elementor-top-column elementor-element elementor-element-b177eab\" data-id=\"b177eab\" data-element_type=\"column\">\n\t\t\t<div class=\"elementor-widget-wrap elementor-element-populated\">\n\t\t\t\t\t\t\t\t<div class=\"elementor-element elementor-element-e26fd32 elementor-widget elementor-widget-heading\" data-id=\"e26fd32\" data-element_type=\"widget\" data-widget_type=\"heading.default\">\n\t\t\t\t<div class=\"elementor-widget-container\">\n\t\t\t<h2 class=\"elementor-heading-title elementor-size-default\">Multifunktionalit\u00e4t und tolle Features<\/h2>\t\t<\/div>\n\t\t\t\t<\/div>\n\t\t\t\t<div class=\"elementor-element elementor-element-a81fcdf elementor-widget elementor-widget-text-editor\" data-id=\"a81fcdf\" data-element_type=\"widget\" data-widget_type=\"text-editor.default\">\n\t\t\t\t<div class=\"elementor-widget-container\">\n\t\t\t\t\t\t\t<p>Der Camper Van Wien wird von uns bereits reisefertig ausgestattet sein. Das bedeutet, dass die K\u00fcchenausstattung mit Geschirr, Besteck, T\u00f6pfen und Pfannen, aber auch Campingst\u00fchle und ein Campingtisch bereits an Bord sind. Ebenfalls findest du viel Zubeh\u00f6r wie Kabeltrommel, Wasserschlauch und weiteres Zubeh\u00f6r an Bord.<\/p><p>Eine Au\u00dfendusche findet sich ebenfalls im Camper Van Wien, so dass du dich nach einem Badetag abduschen kannst, bevor du in das Fahrzeug steigst.<\/p>\t\t\t\t\t\t<\/div>\n\t\t\t\t<\/div>\n\t\t\t\t<div class=\"elementor-element elementor-element-1f7bc6e elementor-widget elementor-widget-image\" data-id=\"1f7bc6e\" data-element_type=\"widget\" data-widget_type=\"image.default\">\n\t\t\t\t<div class=\"elementor-widget-container\">\n\t\t\t\t\t\t\t\t\t\t\t\t\t\t\t<img decoding=\"async\" width=\"360\" height=\"538\" src=\"https:\/\/www.van2go.travel\/wp-content\/uploads\/2022\/12\/panama-van-lifestyle-74-685x1024-1-360x538.jpg\" class=\"attachment-medium size-medium\" alt=\"Camper Van Wien. Foto: MEDITERRANEO VDL\" srcset=\"https:\/\/www.van2go.travel\/wp-content\/uploads\/2022\/12\/panama-van-lifestyle-74-685x1024-1-360x538.jpg 360w, https:\/\/www.van2go.travel\/wp-content\/uploads\/2022\/12\/panama-van-lifestyle-74-685x1024-1-54x80.jpg 54w, https:\/\/www.van2go.travel\/wp-content\/uploads\/2022\/12\/panama-van-lifestyle-74-685x1024-1.jpg 685w\" sizes=\"(max-width: 360px) 100vw, 360px\" \/>\t\t\t\t\t\t\t\t\t\t\t\t\t\t\t<\/div>\n\t\t\t\t<\/div>\n\t\t\t\t\t<\/div>\n\t\t<\/div>\n\t\t\t\t\t\t\t<\/div>\n\t\t<\/section>\n\t\t\t\t<section class=\"elementor-section elementor-top-section elementor-element elementor-element-ab7a6c8 elementor-section-boxed elementor-section-height-default elementor-section-height-default wpr-particle-no wpr-jarallax-no wpr-parallax-no wpr-sticky-section-no\" data-id=\"ab7a6c8\" data-element_type=\"section\">\n\t\t\t\t\t\t<div class=\"elementor-container elementor-column-gap-default\">\n\t\t\t\t\t<div class=\"elementor-column elementor-col-100 elementor-top-column elementor-element elementor-element-d0b66b1\" data-id=\"d0b66b1\" data-element_type=\"column\">\n\t\t\t<div class=\"elementor-widget-wrap elementor-element-populated\">\n\t\t\t\t\t\t\t\t<div class=\"elementor-element elementor-element-526dbdb elementor-widget elementor-widget-heading\" data-id=\"526dbdb\" data-element_type=\"widget\" data-widget_type=\"heading.default\">\n\t\t\t\t<div class=\"elementor-widget-container\">\n\t\t\t<h2 class=\"elementor-heading-title elementor-size-default\">Neugierig geworden?<\/h2>\t\t<\/div>\n\t\t\t\t<\/div>\n\t\t\t\t<div class=\"elementor-element elementor-element-f9d449a elementor-widget elementor-widget-text-editor\" data-id=\"f9d449a\" data-element_type=\"widget\" data-widget_type=\"text-editor.default\">\n\t\t\t\t<div class=\"elementor-widget-container\">\n\t\t\t\t\t\t\t<p>Wenn der Camper Van Wien dein Interesse geweckt hat, kannst du gerne bei uns vorbei schauen und dir das Wohnmobil auch live anschauen und die vielen tollen Features entdecken.<\/p><p>Weitere Informationen findest du unter dem folgenden Link:<br \/><a href=\"https:\/\/www.van2go.travel\/catalog\/camper-van-wien\/\">Camper Van Wien<\/a><\/p><p>Hier kannst du auch eine Reservierung f\u00fcr den Camper Van Wien machen.<\/p><p>Wir freuen uns auf dich!<\/p>\t\t\t\t\t\t<\/div>\n\t\t\t\t<\/div>\n\t\t\t\t\t<\/div>\n\t\t<\/div>\n\t\t\t\t\t\t\t<\/div>\n\t\t<\/section>\n\t\t\t\t\t\t\t<\/div>\n\t\t","protected":false},"excerpt":{"rendered":"<p>Der Camper Van Wien ist da! Erfahre hier mehr \u00fcber dieses tolle und flexible Wohnmobil mit Penthouse-Feeling und toller Aussicht im Obergeschoss.<\/p>\n","protected":false},"author":1,"featured_media":2888,"comment_status":"open","ping_status":"open","sticky":false,"template":"","format":"standard","meta":{"footnotes":""},"categories":[1,29],"tags":[238,128,125,124],"class_list":["post-2898","post","type-post","status-publish","format-standard","has-post-thumbnail","hentry","category-allgemein","category-fahrzeugtypen","tag-wien","tag-camper-van","tag-camping","tag-wohnmobil"],"yoast_head":"<!-- This site is optimized with the Yoast SEO plugin v26.6 - https:\/\/yoast.com\/wordpress\/plugins\/seo\/ -->\n<title>Vorstellung: Camper Van Wien<\/title>\n<meta name=\"description\" content=\"Wir stellen euch den Camper Van Wien vor, das superflexible Freizeitmobil f\u00fcr max. 5 Reisende mit zwei Schlafm\u00f6glichkeiten und super Aussicht.\" \/>\n<meta name=\"robots\" content=\"index, follow, max-snippet:-1, max-image-preview:large, max-video-preview:-1\" \/>\n<link rel=\"canonical\" href=\"https:\/\/www.van2go.travel\/pl\/vorstellung-camper-van-wien\/\" \/>\n<meta property=\"og:locale\" content=\"pl_PL\" \/>\n<meta property=\"og:locale:alternate\" content=\"de_DE\" \/>\n<meta property=\"og:type\" content=\"article\" \/>\n<meta property=\"og:title\" content=\"Vorstellung: Camper Van Wien\" \/>\n<meta property=\"og:description\" content=\"Wir stellen euch den Camper Van Wien vor, das superflexible Freizeitmobil f\u00fcr max. 5 Reisende mit zwei Schlafm\u00f6glichkeiten und super Aussicht.\" \/>\n<meta property=\"og:url\" content=\"https:\/\/www.van2go.travel\/pl\/vorstellung-camper-van-wien\/\" \/>\n<meta property=\"og:site_name\" content=\"Van2Go - Das Microcamping Center in Singen am Bodensee\" \/>\n<meta property=\"article:publisher\" content=\"https:\/\/www.facebook.com\/van2go.travel\" \/>\n<meta property=\"article:published_time\" content=\"2023-03-08T09:30:47+00:00\" \/>\n<meta property=\"article:modified_time\" content=\"2023-03-08T09:45:00+00:00\" \/>\n<meta property=\"og:image\" content=\"https:\/\/www.van2go.travel\/wp-content\/uploads\/2022\/12\/20230306_112524.jpg\" \/>\n\t<meta property=\"og:image:width\" content=\"1920\" \/>\n\t<meta property=\"og:image:height\" content=\"1440\" \/>\n\t<meta property=\"og:image:type\" content=\"image\/jpeg\" \/>\n<meta name=\"author\" content=\"Administrator\" \/>\n<meta name=\"twitter:card\" content=\"summary_large_image\" \/>\n<meta name=\"twitter:label1\" content=\"Napisane przez\" \/>\n\t<meta name=\"twitter:data1\" content=\"Administrator\" \/>\n\t<meta name=\"twitter:label2\" content=\"Szacowany czas czytania\" \/>\n\t<meta name=\"twitter:data2\" content=\"1 minuta\" \/>\n<script type=\"application\/ld+json\" class=\"yoast-schema-graph\">{\"@context\":\"https:\/\/schema.org\",\"@graph\":[{\"@type\":\"Article\",\"@id\":\"https:\/\/www.van2go.travel\/vorstellung-camper-van-wien\/#article\",\"isPartOf\":{\"@id\":\"https:\/\/www.van2go.travel\/vorstellung-camper-van-wien\/\"},\"author\":{\"name\":\"Administrator\",\"@id\":\"https:\/\/www.van2go.travel\/#\/schema\/person\/043b23b2eb2e627d08228e78808f9818\"},\"headline\":\"Vorstellung: Camper Van Wien\",\"datePublished\":\"2023-03-08T09:30:47+00:00\",\"dateModified\":\"2023-03-08T09:45:00+00:00\",\"mainEntityOfPage\":{\"@id\":\"https:\/\/www.van2go.travel\/vorstellung-camper-van-wien\/\"},\"wordCount\":6,\"commentCount\":0,\"publisher\":{\"@id\":\"https:\/\/www.van2go.travel\/#organization\"},\"image\":{\"@id\":\"https:\/\/www.van2go.travel\/vorstellung-camper-van-wien\/#primaryimage\"},\"thumbnailUrl\":\"https:\/\/www.van2go.travel\/wp-content\/uploads\/2022\/12\/20230306_112524.jpg\",\"keywords\":[\"Wien\",\"Camper Van\",\"Camping\",\"Wohnmobil\"],\"articleSection\":[\"Allgemein\",\"Fahrzeugtypen\"],\"inLanguage\":\"pl-PL\",\"potentialAction\":[{\"@type\":\"CommentAction\",\"name\":\"Comment\",\"target\":[\"https:\/\/www.van2go.travel\/vorstellung-camper-van-wien\/#respond\"]}]},{\"@type\":\"WebPage\",\"@id\":\"https:\/\/www.van2go.travel\/vorstellung-camper-van-wien\/\",\"url\":\"https:\/\/www.van2go.travel\/vorstellung-camper-van-wien\/\",\"name\":\"Vorstellung: Camper Van Wien\",\"isPartOf\":{\"@id\":\"https:\/\/www.van2go.travel\/#website\"},\"primaryImageOfPage\":{\"@id\":\"https:\/\/www.van2go.travel\/vorstellung-camper-van-wien\/#primaryimage\"},\"image\":{\"@id\":\"https:\/\/www.van2go.travel\/vorstellung-camper-van-wien\/#primaryimage\"},\"thumbnailUrl\":\"https:\/\/www.van2go.travel\/wp-content\/uploads\/2022\/12\/20230306_112524.jpg\",\"datePublished\":\"2023-03-08T09:30:47+00:00\",\"dateModified\":\"2023-03-08T09:45:00+00:00\",\"description\":\"Wir stellen euch den Camper Van Wien vor, das superflexible Freizeitmobil f\u00fcr max. 5 Reisende mit zwei Schlafm\u00f6glichkeiten und super Aussicht.\",\"breadcrumb\":{\"@id\":\"https:\/\/www.van2go.travel\/vorstellung-camper-van-wien\/#breadcrumb\"},\"inLanguage\":\"pl-PL\",\"potentialAction\":[{\"@type\":\"ReadAction\",\"target\":[\"https:\/\/www.van2go.travel\/vorstellung-camper-van-wien\/\"]}]},{\"@type\":\"ImageObject\",\"inLanguage\":\"pl-PL\",\"@id\":\"https:\/\/www.van2go.travel\/vorstellung-camper-van-wien\/#primaryimage\",\"url\":\"https:\/\/www.van2go.travel\/wp-content\/uploads\/2022\/12\/20230306_112524.jpg\",\"contentUrl\":\"https:\/\/www.van2go.travel\/wp-content\/uploads\/2022\/12\/20230306_112524.jpg\",\"width\":1920,\"height\":1440,\"caption\":\"Camper Van Wien\"},{\"@type\":\"BreadcrumbList\",\"@id\":\"https:\/\/www.van2go.travel\/vorstellung-camper-van-wien\/#breadcrumb\",\"itemListElement\":[{\"@type\":\"ListItem\",\"position\":1,\"name\":\"Startseite\",\"item\":\"https:\/\/www.van2go.travel\/\"},{\"@type\":\"ListItem\",\"position\":2,\"name\":\"Vorstellung: Camper Van Wien\"}]},{\"@type\":\"WebSite\",\"@id\":\"https:\/\/www.van2go.travel\/#website\",\"url\":\"https:\/\/www.van2go.travel\/\",\"name\":\"Van2Go - Das Microcamping Center in Singen am Bodensee\",\"description\":\"Autorisierter H\u00e4ndler des Travelers von squiq, der Nestbox von Ego\u00e9, qeedo Dachzelten, E-Bikes von VanMoof und der Aufbaubatterie Saftkiste. Wir haben die L\u00f6sung, um dein Auto in einen Camper zu verwandeln.\",\"publisher\":{\"@id\":\"https:\/\/www.van2go.travel\/#organization\"},\"potentialAction\":[{\"@type\":\"SearchAction\",\"target\":{\"@type\":\"EntryPoint\",\"urlTemplate\":\"https:\/\/www.van2go.travel\/?s={search_term_string}\"},\"query-input\":{\"@type\":\"PropertyValueSpecification\",\"valueRequired\":true,\"valueName\":\"search_term_string\"}}],\"inLanguage\":\"pl-PL\"},{\"@type\":\"Organization\",\"@id\":\"https:\/\/www.van2go.travel\/#organization\",\"name\":\"Van2Go\",\"url\":\"https:\/\/www.van2go.travel\/\",\"logo\":{\"@type\":\"ImageObject\",\"inLanguage\":\"pl-PL\",\"@id\":\"https:\/\/www.van2go.travel\/#\/schema\/logo\/image\/\",\"url\":\"https:\/\/www.van2go.travel\/wp-content\/uploads\/2021\/12\/Van2Go-Original-Logo_Schrift-rechts-gross.png\",\"contentUrl\":\"https:\/\/www.van2go.travel\/wp-content\/uploads\/2021\/12\/Van2Go-Original-Logo_Schrift-rechts-gross.png\",\"width\":2825,\"height\":1008,\"caption\":\"Van2Go\"},\"image\":{\"@id\":\"https:\/\/www.van2go.travel\/#\/schema\/logo\/image\/\"},\"sameAs\":[\"https:\/\/www.facebook.com\/van2go.travel\"]},{\"@type\":\"Person\",\"@id\":\"https:\/\/www.van2go.travel\/#\/schema\/person\/043b23b2eb2e627d08228e78808f9818\",\"name\":\"Administrator\",\"image\":{\"@type\":\"ImageObject\",\"inLanguage\":\"pl-PL\",\"@id\":\"https:\/\/www.van2go.travel\/#\/schema\/person\/image\/\",\"url\":\"https:\/\/secure.gravatar.com\/avatar\/3ee596e232b00901de3737128c55d4ad?s=96&d=mm&r=g\",\"contentUrl\":\"https:\/\/secure.gravatar.com\/avatar\/3ee596e232b00901de3737128c55d4ad?s=96&d=mm&r=g\",\"caption\":\"Administrator\"},\"sameAs\":[\"http:\/\/van2go.travel\"],\"url\":\"https:\/\/www.van2go.travel\/pl\/author\/administrator\/\"}]}<\/script>\n<!-- \/ Yoast SEO plugin. -->","yoast_head_json":{"title":"Vorstellung: Camper Van Wien","description":"Wir stellen euch den Camper Van Wien vor, das superflexible Freizeitmobil f\u00fcr max. 5 Reisende mit zwei Schlafm\u00f6glichkeiten und super Aussicht.","robots":{"index":"index","follow":"follow","max-snippet":"max-snippet:-1","max-image-preview":"max-image-preview:large","max-video-preview":"max-video-preview:-1"},"canonical":"https:\/\/www.van2go.travel\/pl\/vorstellung-camper-van-wien\/","og_locale":"pl_PL","og_type":"article","og_title":"[:de]Vorstellung: Camper Van Wien[:] - Van2Go - Das Microcamping Center in Singen am Bodensee","og_description":"Wir stellen euch den Camper Van Wien vor, das superflexible Freizeitmobil f\u00fcr max. 5 Reisende mit zwei Schlafm\u00f6glichkeiten und super Aussicht.","og_url":"https:\/\/www.van2go.travel\/pl\/vorstellung-camper-van-wien\/","og_site_name":"Van2Go - Das Microcamping Center in Singen am Bodensee","article_publisher":"https:\/\/www.facebook.com\/van2go.travel","article_published_time":"2023-03-08T09:30:47+00:00","article_modified_time":"2023-03-08T09:45:00+00:00","og_image":[{"width":1920,"height":1440,"url":"https:\/\/www.van2go.travel\/wp-content\/uploads\/2022\/12\/20230306_112524.jpg","type":"image\/jpeg"}],"author":"Administrator","twitter_card":"summary_large_image","twitter_misc":{"Napisane przez":"Administrator","Szacowany czas czytania":"1 minuta"},"schema":{"@context":"https:\/\/schema.org","@graph":[{"@type":"Article","@id":"https:\/\/www.van2go.travel\/vorstellung-camper-van-wien\/#article","isPartOf":{"@id":"https:\/\/www.van2go.travel\/vorstellung-camper-van-wien\/"},"author":{"name":"Administrator","@id":"https:\/\/www.van2go.travel\/#\/schema\/person\/043b23b2eb2e627d08228e78808f9818"},"headline":"Vorstellung: Camper Van Wien","datePublished":"2023-03-08T09:30:47+00:00","dateModified":"2023-03-08T09:45:00+00:00","mainEntityOfPage":{"@id":"https:\/\/www.van2go.travel\/vorstellung-camper-van-wien\/"},"wordCount":6,"commentCount":0,"publisher":{"@id":"https:\/\/www.van2go.travel\/#organization"},"image":{"@id":"https:\/\/www.van2go.travel\/vorstellung-camper-van-wien\/#primaryimage"},"thumbnailUrl":"https:\/\/www.van2go.travel\/wp-content\/uploads\/2022\/12\/20230306_112524.jpg","keywords":["Wien","Camper Van","Camping","Wohnmobil"],"articleSection":["Allgemein","Fahrzeugtypen"],"inLanguage":"pl-PL","potentialAction":[{"@type":"CommentAction","name":"Comment","target":["https:\/\/www.van2go.travel\/vorstellung-camper-van-wien\/#respond"]}]},{"@type":"WebPage","@id":"https:\/\/www.van2go.travel\/vorstellung-camper-van-wien\/","url":"https:\/\/www.van2go.travel\/vorstellung-camper-van-wien\/","name":"Vorstellung: Camper Van Wien","isPartOf":{"@id":"https:\/\/www.van2go.travel\/#website"},"primaryImageOfPage":{"@id":"https:\/\/www.van2go.travel\/vorstellung-camper-van-wien\/#primaryimage"},"image":{"@id":"https:\/\/www.van2go.travel\/vorstellung-camper-van-wien\/#primaryimage"},"thumbnailUrl":"https:\/\/www.van2go.travel\/wp-content\/uploads\/2022\/12\/20230306_112524.jpg","datePublished":"2023-03-08T09:30:47+00:00","dateModified":"2023-03-08T09:45:00+00:00","description":"Wir stellen euch den Camper Van Wien vor, das superflexible Freizeitmobil f\u00fcr max. 5 Reisende mit zwei Schlafm\u00f6glichkeiten und super Aussicht.","breadcrumb":{"@id":"https:\/\/www.van2go.travel\/vorstellung-camper-van-wien\/#breadcrumb"},"inLanguage":"pl-PL","potentialAction":[{"@type":"ReadAction","target":["https:\/\/www.van2go.travel\/vorstellung-camper-van-wien\/"]}]},{"@type":"ImageObject","inLanguage":"pl-PL","@id":"https:\/\/www.van2go.travel\/vorstellung-camper-van-wien\/#primaryimage","url":"https:\/\/www.van2go.travel\/wp-content\/uploads\/2022\/12\/20230306_112524.jpg","contentUrl":"https:\/\/www.van2go.travel\/wp-content\/uploads\/2022\/12\/20230306_112524.jpg","width":1920,"height":1440,"caption":"Camper Van Wien"},{"@type":"BreadcrumbList","@id":"https:\/\/www.van2go.travel\/vorstellung-camper-van-wien\/#breadcrumb","itemListElement":[{"@type":"ListItem","position":1,"name":"Startseite","item":"https:\/\/www.van2go.travel\/"},{"@type":"ListItem","position":2,"name":"Vorstellung: Camper Van Wien"}]},{"@type":"WebSite","@id":"https:\/\/www.van2go.travel\/#website","url":"https:\/\/www.van2go.travel\/","name":"Van2Go - Das Microcamping Center in Singen am Bodensee","description":"Autorisierter H\u00e4ndler des Travelers von squiq, der Nestbox von Ego\u00e9, qeedo Dachzelten, E-Bikes von VanMoof und der Aufbaubatterie Saftkiste. Wir haben die L\u00f6sung, um dein Auto in einen Camper zu verwandeln.","publisher":{"@id":"https:\/\/www.van2go.travel\/#organization"},"potentialAction":[{"@type":"SearchAction","target":{"@type":"EntryPoint","urlTemplate":"https:\/\/www.van2go.travel\/?s={search_term_string}"},"query-input":{"@type":"PropertyValueSpecification","valueRequired":true,"valueName":"search_term_string"}}],"inLanguage":"pl-PL"},{"@type":"Organization","@id":"https:\/\/www.van2go.travel\/#organization","name":"Van2Go","url":"https:\/\/www.van2go.travel\/","logo":{"@type":"ImageObject","inLanguage":"pl-PL","@id":"https:\/\/www.van2go.travel\/#\/schema\/logo\/image\/","url":"https:\/\/www.van2go.travel\/wp-content\/uploads\/2021\/12\/Van2Go-Original-Logo_Schrift-rechts-gross.png","contentUrl":"https:\/\/www.van2go.travel\/wp-content\/uploads\/2021\/12\/Van2Go-Original-Logo_Schrift-rechts-gross.png","width":2825,"height":1008,"caption":"Van2Go"},"image":{"@id":"https:\/\/www.van2go.travel\/#\/schema\/logo\/image\/"},"sameAs":["https:\/\/www.facebook.com\/van2go.travel"]},{"@type":"Person","@id":"https:\/\/www.van2go.travel\/#\/schema\/person\/043b23b2eb2e627d08228e78808f9818","name":"Administrator","image":{"@type":"ImageObject","inLanguage":"pl-PL","@id":"https:\/\/www.van2go.travel\/#\/schema\/person\/image\/","url":"https:\/\/secure.gravatar.com\/avatar\/3ee596e232b00901de3737128c55d4ad?s=96&d=mm&r=g","contentUrl":"https:\/\/secure.gravatar.com\/avatar\/3ee596e232b00901de3737128c55d4ad?s=96&d=mm&r=g","caption":"Administrator"},"sameAs":["http:\/\/van2go.travel"],"url":"https:\/\/www.van2go.travel\/pl\/author\/administrator\/"}]}},"_links":{"self":[{"href":"https:\/\/www.van2go.travel\/pl\/wp-json\/wp\/v2\/posts\/2898","targetHints":{"allow":["GET"]}}],"collection":[{"href":"https:\/\/www.van2go.travel\/pl\/wp-json\/wp\/v2\/posts"}],"about":[{"href":"https:\/\/www.van2go.travel\/pl\/wp-json\/wp\/v2\/types\/post"}],"author":[{"embeddable":true,"href":"https:\/\/www.van2go.travel\/pl\/wp-json\/wp\/v2\/users\/1"}],"replies":[{"embeddable":true,"href":"https:\/\/www.van2go.travel\/pl\/wp-json\/wp\/v2\/comments?post=2898"}],"version-history":[{"count":9,"href":"https:\/\/www.van2go.travel\/pl\/wp-json\/wp\/v2\/posts\/2898\/revisions"}],"predecessor-version":[{"id":2914,"href":"https:\/\/www.van2go.travel\/pl\/wp-json\/wp\/v2\/posts\/2898\/revisions\/2914"}],"wp:featuredmedia":[{"embeddable":true,"href":"https:\/\/www.van2go.travel\/pl\/wp-json\/wp\/v2\/media\/2888"}],"wp:attachment":[{"href":"https:\/\/www.van2go.travel\/pl\/wp-json\/wp\/v2\/media?parent=2898"}],"wp:term":[{"taxonomy":"category","embeddable":true,"href":"https:\/\/www.van2go.travel\/pl\/wp-json\/wp\/v2\/categories?post=2898"},{"taxonomy":"post_tag","embeddable":true,"href":"https:\/\/www.van2go.travel\/pl\/wp-json\/wp\/v2\/tags?post=2898"}],"curies":[{"name":"wp","href":"https:\/\/api.w.org\/{rel}","templated":true}]}}