{"id":2832,"date":"2023-02-06T09:39:05","date_gmt":"2023-02-06T08:39:05","guid":{"rendered":"https:\/\/www.van2go.travel\/?p=2832"},"modified":"2023-02-06T09:39:27","modified_gmt":"2023-02-06T08:39:27","slug":"die-neue-campingsaison-startet-bald","status":"publish","type":"post","link":"https:\/\/www.van2go.travel\/pl\/die-neue-campingsaison-startet-bald\/","title":{"rendered":"Die neue Campingsaison startet bald"},"content":{"rendered":"\t\t<div data-elementor-type=\"wp-post\" data-elementor-id=\"2832\" class=\"elementor elementor-2832\">\n\t\t\t\t\t\t\t\t\t<section class=\"elementor-section elementor-top-section elementor-element elementor-element-206f07f elementor-section-boxed elementor-section-height-default elementor-section-height-default wpr-particle-no wpr-jarallax-no wpr-parallax-no wpr-sticky-section-no\" data-id=\"206f07f\" data-element_type=\"section\">\n\t\t\t\t\t\t<div class=\"elementor-container elementor-column-gap-default\">\n\t\t\t\t\t<div class=\"elementor-column elementor-col-100 elementor-top-column elementor-element elementor-element-c74537f\" data-id=\"c74537f\" data-element_type=\"column\">\n\t\t\t<div class=\"elementor-widget-wrap elementor-element-populated\">\n\t\t\t\t\t\t\t\t<div class=\"elementor-element elementor-element-1541191 elementor-widget elementor-widget-heading\" data-id=\"1541191\" data-element_type=\"widget\" data-widget_type=\"heading.default\">\n\t\t\t\t<div class=\"elementor-widget-container\">\n\t\t\t<h2 class=\"elementor-heading-title elementor-size-default\">Die neue Campingsaison steht vor der T\u00fcr<\/h2>\t\t<\/div>\n\t\t\t\t<\/div>\n\t\t\t\t<div class=\"elementor-element elementor-element-af0c56b elementor-widget elementor-widget-text-editor\" data-id=\"af0c56b\" data-element_type=\"widget\" data-widget_type=\"text-editor.default\">\n\t\t\t\t<div class=\"elementor-widget-container\">\n\t\t\t\t\t\t\t<div class=\"min-h-[20px] flex flex-col items-start gap-4 whitespace-pre-wrap flex flex-row gap-2 text-red-500\"><div class=\"text-red-500 markdown prose w-full break-words dark:prose-invert light\"><p>Der Fr\u00fchling is<span style=\"color: var(--text-color); font-size: inherit;\">t bald da und das bedeutet, dass die neue Campingsaison endlich bald beginnen wird! Nach einem langen Winter freuen sich Camper auf die Gelegenheit, die Natur zu genie\u00dfen und neue Abenteuer zu erleben.<\/span><\/p><\/div><\/div><div class=\"min-h-[20px] flex flex-col items-start gap-4 whitespace-pre-wrap\"><div class=\"markdown prose w-full break-words dark:prose-invert light\"><p>Die Vorbereitungen f\u00fcr die neue Saison beginnen oft bereits im Winter. Campingpl\u00e4tze werden auf Vordermann gebracht, um sicherzustellen, dass alles bereit ist, wenn die ersten Camper eintreffen. Dazu geh\u00f6rt das Reinigen und Reparieren von Sanit\u00e4ranlagen, dem Aufstellen von Zeltpl\u00e4tzen und dem Reparieren von Wegen und Zufahrten. Auch bei uns laufen die Vorbereitungen auf Hochtouren, um euch saubere und neuwertige Fahrzeuge in unserer Vermietung anzubieten. Zu den Bestandsfahrzeugen kommen noch zwei weitere Fahrzeuge hinzu, um euch eine noch gr\u00f6\u00dfere Auswahl anbieten zu k\u00f6nnen. Schaut doch einfach einmal die Auswahl unserer Wohnmobile an: <a href=\"https:\/\/www.van2go.travel\/catalog\/\">Wohnmobile bei Van2Go<\/a><\/p><\/div><\/div>\t\t\t\t\t\t<\/div>\n\t\t\t\t<\/div>\n\t\t\t\t\t<\/div>\n\t\t<\/div>\n\t\t\t\t\t\t\t<\/div>\n\t\t<\/section>\n\t\t\t\t<section class=\"elementor-section elementor-top-section elementor-element elementor-element-e522d13 elementor-section-boxed elementor-section-height-default elementor-section-height-default wpr-particle-no wpr-jarallax-no wpr-parallax-no wpr-sticky-section-no\" data-id=\"e522d13\" data-element_type=\"section\">\n\t\t\t\t\t\t<div class=\"elementor-container elementor-column-gap-default\">\n\t\t\t\t\t<div class=\"elementor-column elementor-col-100 elementor-top-column elementor-element elementor-element-97f3efc\" data-id=\"97f3efc\" data-element_type=\"column\">\n\t\t\t<div class=\"elementor-widget-wrap elementor-element-populated\">\n\t\t\t\t\t\t\t\t<div class=\"elementor-element elementor-element-427000c elementor-widget elementor-widget-heading\" data-id=\"427000c\" data-element_type=\"widget\" data-widget_type=\"heading.default\">\n\t\t\t\t<div class=\"elementor-widget-container\">\n\t\t\t<h2 class=\"elementor-heading-title elementor-size-default\">Lust auf ein Dachzelt?<\/h2>\t\t<\/div>\n\t\t\t\t<\/div>\n\t\t\t\t<div class=\"elementor-element elementor-element-e763f57 elementor-widget elementor-widget-text-editor\" data-id=\"e763f57\" data-element_type=\"widget\" data-widget_type=\"text-editor.default\">\n\t\t\t\t<div class=\"elementor-widget-container\">\n\t\t\t\t\t\t\t<p>F\u00fcr Camper gibt es viele M\u00f6glichkeiten, die neue Campingsaison zu starten. Einige bevorzugen es, ihr Zelt aufzuschlagen und einfach die Ruhe und Sch\u00f6nheit der Natur zu genie\u00dfen. Andere nutzen die Gelegenheit, um neue Orte zu entdecken und Abenteuer zu erleben, indem sie Wandern, Radfahren oder Kanu fahren. Auch bei uns tut sich einiges. Neben Wohnmobilen und Camper Vans k\u00f6nnt ihr bei uns ab dieser Saison auch Dachzelte mieten! So verwandelst du dein eigenes Auto in k\u00fcrzester Zeit in ein kleines Wohnmobil. Eine Auswahl an Dachzelten findet ihr bald hier online auf dieser Website und k\u00f6nnt diese auch bei uns vor Ort besichtigen, anfassen und ausprobieren. Sprecht uns einfach darauf an!<\/p>\t\t\t\t\t\t<\/div>\n\t\t\t\t<\/div>\n\t\t\t\t\t<\/div>\n\t\t<\/div>\n\t\t\t\t\t\t\t<\/div>\n\t\t<\/section>\n\t\t\t\t<section class=\"elementor-section elementor-top-section elementor-element elementor-element-a189ab1 elementor-section-boxed elementor-section-height-default elementor-section-height-default wpr-particle-no wpr-jarallax-no wpr-parallax-no wpr-sticky-section-no\" data-id=\"a189ab1\" data-element_type=\"section\">\n\t\t\t\t\t\t<div class=\"elementor-container elementor-column-gap-default\">\n\t\t\t\t\t<div class=\"elementor-column elementor-col-100 elementor-top-column elementor-element elementor-element-152def4\" data-id=\"152def4\" data-element_type=\"column\">\n\t\t\t<div class=\"elementor-widget-wrap elementor-element-populated\">\n\t\t\t\t\t\t\t\t<div class=\"elementor-element elementor-element-8e7a66a elementor-widget elementor-widget-heading\" data-id=\"8e7a66a\" data-element_type=\"widget\" data-widget_type=\"heading.default\">\n\t\t\t\t<div class=\"elementor-widget-container\">\n\t\t\t<h2 class=\"elementor-heading-title elementor-size-default\">Lasst uns gemeinsam Neues entdecken!<\/h2>\t\t<\/div>\n\t\t\t\t<\/div>\n\t\t\t\t<div class=\"elementor-element elementor-element-96a42de elementor-widget elementor-widget-text-editor\" data-id=\"96a42de\" data-element_type=\"widget\" data-widget_type=\"text-editor.default\">\n\t\t\t\t<div class=\"elementor-widget-container\">\n\t\t\t\t\t\t\t<p>Insgesamt bietet die neue Campingsaison eine gro\u00dfartige Gelegenheit, um Zeit in der Natur zu verbringen, neue Orte zu entdecken und Abenteuer zu erleben. Wir w\u00fcnschen allen Campern eine tolle Saison voller Erinnerungen!<\/p>\t\t\t\t\t\t<\/div>\n\t\t\t\t<\/div>\n\t\t\t\t\t<\/div>\n\t\t<\/div>\n\t\t\t\t\t\t\t<\/div>\n\t\t<\/section>\n\t\t\t\t\t\t\t<\/div>\n\t\t","protected":false},"excerpt":{"rendered":"<p>Die neue Campingsaison steht vor der T\u00fcr Der Fr\u00fchling ist bald da und das bedeutet,&hellip;<\/p>\n","protected":false},"author":1,"featured_media":1479,"comment_status":"open","ping_status":"open","sticky":false,"template":"","format":"standard","meta":{"footnotes":""},"categories":[1],"tags":[],"class_list":["post-2832","post","type-post","status-publish","format-standard","has-post-thumbnail","hentry","category-allgemein"],"yoast_head":"<!-- This site is optimized with the Yoast SEO plugin v26.6 - https:\/\/yoast.com\/wordpress\/plugins\/seo\/ -->\n<title>Die neue Campingsaison startet bald<\/title>\n<meta name=\"description\" content=\"Mit dem Fr\u00fchling beginnt die neue Camping Saison. Sichere dir rechtzeitig ein Wohnmobil, mit dem du einen tollen Urlaub haben wirst.\" \/>\n<meta name=\"robots\" content=\"index, follow, max-snippet:-1, max-image-preview:large, max-video-preview:-1\" \/>\n<link rel=\"canonical\" href=\"https:\/\/www.van2go.travel\/pl\/die-neue-campingsaison-startet-bald\/\" \/>\n<meta property=\"og:locale\" content=\"pl_PL\" \/>\n<meta property=\"og:locale:alternate\" content=\"de_DE\" \/>\n<meta property=\"og:type\" content=\"article\" \/>\n<meta property=\"og:title\" content=\"Die neue Campingsaison startet bald\" \/>\n<meta property=\"og:description\" content=\"Mit dem Fr\u00fchling beginnt die neue Camping Saison. Sichere dir rechtzeitig ein Wohnmobil, mit dem du einen tollen Urlaub haben wirst.\" \/>\n<meta property=\"og:url\" content=\"https:\/\/www.van2go.travel\/pl\/die-neue-campingsaison-startet-bald\/\" \/>\n<meta property=\"og:site_name\" content=\"Van2Go\" \/>\n<meta property=\"article:publisher\" content=\"https:\/\/www.facebook.com\/van2go.travel\" \/>\n<meta property=\"article:published_time\" content=\"2023-02-06T08:39:05+00:00\" \/>\n<meta property=\"article:modified_time\" content=\"2023-02-06T08:39:27+00:00\" \/>\n<meta property=\"og:image\" content=\"https:\/\/www.van2go.travel\/wp-content\/uploads\/2021\/04\/pexels-pixabay-416974-scaled.jpg\" \/>\n\t<meta property=\"og:image:width\" content=\"1920\" \/>\n\t<meta property=\"og:image:height\" content=\"1440\" \/>\n\t<meta property=\"og:image:type\" content=\"image\/jpeg\" \/>\n<meta name=\"author\" content=\"Administrator\" \/>\n<meta name=\"twitter:card\" content=\"summary_large_image\" \/>\n<meta name=\"twitter:label1\" content=\"Napisane przez\" \/>\n\t<meta name=\"twitter:data1\" content=\"Administrator\" \/>\n\t<meta name=\"twitter:label2\" content=\"Szacowany czas czytania\" \/>\n\t<meta name=\"twitter:data2\" content=\"2 minuty\" \/>\n<script type=\"application\/ld+json\" class=\"yoast-schema-graph\">{\"@context\":\"https:\/\/schema.org\",\"@graph\":[{\"@type\":\"Article\",\"@id\":\"https:\/\/www.van2go.travel\/die-neue-campingsaison-startet-bald\/#article\",\"isPartOf\":{\"@id\":\"https:\/\/www.van2go.travel\/die-neue-campingsaison-startet-bald\/\"},\"author\":{\"name\":\"Administrator\",\"@id\":\"https:\/\/www.van2go.travel\/#\/schema\/person\/043b23b2eb2e627d08228e78808f9818\"},\"headline\":\"Die neue Campingsaison startet bald\",\"datePublished\":\"2023-02-06T08:39:05+00:00\",\"dateModified\":\"2023-02-06T08:39:27+00:00\",\"mainEntityOfPage\":{\"@id\":\"https:\/\/www.van2go.travel\/die-neue-campingsaison-startet-bald\/\"},\"wordCount\":314,\"commentCount\":0,\"publisher\":{\"@id\":\"https:\/\/www.van2go.travel\/#organization\"},\"image\":{\"@id\":\"https:\/\/www.van2go.travel\/die-neue-campingsaison-startet-bald\/#primaryimage\"},\"thumbnailUrl\":\"https:\/\/www.van2go.travel\/wp-content\/uploads\/2021\/04\/pexels-pixabay-416974-scaled.jpg\",\"articleSection\":[\"Allgemein\"],\"inLanguage\":\"pl-PL\",\"potentialAction\":[{\"@type\":\"CommentAction\",\"name\":\"Comment\",\"target\":[\"https:\/\/www.van2go.travel\/die-neue-campingsaison-startet-bald\/#respond\"]}]},{\"@type\":\"WebPage\",\"@id\":\"https:\/\/www.van2go.travel\/die-neue-campingsaison-startet-bald\/\",\"url\":\"https:\/\/www.van2go.travel\/die-neue-campingsaison-startet-bald\/\",\"name\":\"Die neue Campingsaison startet bald\",\"isPartOf\":{\"@id\":\"https:\/\/www.van2go.travel\/#website\"},\"primaryImageOfPage\":{\"@id\":\"https:\/\/www.van2go.travel\/die-neue-campingsaison-startet-bald\/#primaryimage\"},\"image\":{\"@id\":\"https:\/\/www.van2go.travel\/die-neue-campingsaison-startet-bald\/#primaryimage\"},\"thumbnailUrl\":\"https:\/\/www.van2go.travel\/wp-content\/uploads\/2021\/04\/pexels-pixabay-416974-scaled.jpg\",\"datePublished\":\"2023-02-06T08:39:05+00:00\",\"dateModified\":\"2023-02-06T08:39:27+00:00\",\"description\":\"Mit dem Fr\u00fchling beginnt die neue Camping Saison. Sichere dir rechtzeitig ein Wohnmobil, mit dem du einen tollen Urlaub haben wirst.\",\"breadcrumb\":{\"@id\":\"https:\/\/www.van2go.travel\/die-neue-campingsaison-startet-bald\/#breadcrumb\"},\"inLanguage\":\"pl-PL\",\"potentialAction\":[{\"@type\":\"ReadAction\",\"target\":[\"https:\/\/www.van2go.travel\/die-neue-campingsaison-startet-bald\/\"]}]},{\"@type\":\"ImageObject\",\"inLanguage\":\"pl-PL\",\"@id\":\"https:\/\/www.van2go.travel\/die-neue-campingsaison-startet-bald\/#primaryimage\",\"url\":\"https:\/\/www.van2go.travel\/wp-content\/uploads\/2021\/04\/pexels-pixabay-416974-scaled.jpg\",\"contentUrl\":\"https:\/\/www.van2go.travel\/wp-content\/uploads\/2021\/04\/pexels-pixabay-416974-scaled.jpg\",\"width\":1920,\"height\":1440,\"caption\":\"Freiheit mit dem Wohnmobil auf der Stra\u00dfe\"},{\"@type\":\"BreadcrumbList\",\"@id\":\"https:\/\/www.van2go.travel\/die-neue-campingsaison-startet-bald\/#breadcrumb\",\"itemListElement\":[{\"@type\":\"ListItem\",\"position\":1,\"name\":\"Startseite\",\"item\":\"https:\/\/www.van2go.travel\/\"},{\"@type\":\"ListItem\",\"position\":2,\"name\":\"Die neue Campingsaison startet bald\"}]},{\"@type\":\"WebSite\",\"@id\":\"https:\/\/www.van2go.travel\/#website\",\"url\":\"https:\/\/www.van2go.travel\/\",\"name\":\"Van2Go\",\"description\":\"Camper Vans und Wohnmobile mieten in Singen am Bodensee\",\"publisher\":{\"@id\":\"https:\/\/www.van2go.travel\/#organization\"},\"potentialAction\":[{\"@type\":\"SearchAction\",\"target\":{\"@type\":\"EntryPoint\",\"urlTemplate\":\"https:\/\/www.van2go.travel\/?s={search_term_string}\"},\"query-input\":{\"@type\":\"PropertyValueSpecification\",\"valueRequired\":true,\"valueName\":\"search_term_string\"}}],\"inLanguage\":\"pl-PL\"},{\"@type\":\"Organization\",\"@id\":\"https:\/\/www.van2go.travel\/#organization\",\"name\":\"Van2Go\",\"url\":\"https:\/\/www.van2go.travel\/\",\"logo\":{\"@type\":\"ImageObject\",\"inLanguage\":\"pl-PL\",\"@id\":\"https:\/\/www.van2go.travel\/#\/schema\/logo\/image\/\",\"url\":\"https:\/\/www.van2go.travel\/wp-content\/uploads\/2021\/12\/Van2Go-Original-Logo_Schrift-rechts-gross.png\",\"contentUrl\":\"https:\/\/www.van2go.travel\/wp-content\/uploads\/2021\/12\/Van2Go-Original-Logo_Schrift-rechts-gross.png\",\"width\":2825,\"height\":1008,\"caption\":\"Van2Go\"},\"image\":{\"@id\":\"https:\/\/www.van2go.travel\/#\/schema\/logo\/image\/\"},\"sameAs\":[\"https:\/\/www.facebook.com\/van2go.travel\"]},{\"@type\":\"Person\",\"@id\":\"https:\/\/www.van2go.travel\/#\/schema\/person\/043b23b2eb2e627d08228e78808f9818\",\"name\":\"Administrator\",\"image\":{\"@type\":\"ImageObject\",\"inLanguage\":\"pl-PL\",\"@id\":\"https:\/\/www.van2go.travel\/#\/schema\/person\/image\/\",\"url\":\"https:\/\/secure.gravatar.com\/avatar\/3ee596e232b00901de3737128c55d4ad?s=96&d=mm&r=g\",\"contentUrl\":\"https:\/\/secure.gravatar.com\/avatar\/3ee596e232b00901de3737128c55d4ad?s=96&d=mm&r=g\",\"caption\":\"Administrator\"},\"sameAs\":[\"http:\/\/van2go.travel\"],\"url\":\"https:\/\/www.van2go.travel\/pl\/author\/administrator\/\"}]}<\/script>\n<!-- \/ Yoast SEO plugin. -->","yoast_head_json":{"title":"Die neue Campingsaison startet bald","description":"Mit dem Fr\u00fchling beginnt die neue Camping Saison. Sichere dir rechtzeitig ein Wohnmobil, mit dem du einen tollen Urlaub haben wirst.","robots":{"index":"index","follow":"follow","max-snippet":"max-snippet:-1","max-image-preview":"max-image-preview:large","max-video-preview":"max-video-preview:-1"},"canonical":"https:\/\/www.van2go.travel\/pl\/die-neue-campingsaison-startet-bald\/","og_locale":"pl_PL","og_type":"article","og_title":"[:de]Die neue Campingsaison startet bald[:] - Van2Go","og_description":"Mit dem Fr\u00fchling beginnt die neue Camping Saison. Sichere dir rechtzeitig ein Wohnmobil, mit dem du einen tollen Urlaub haben wirst.","og_url":"https:\/\/www.van2go.travel\/pl\/die-neue-campingsaison-startet-bald\/","og_site_name":"Van2Go","article_publisher":"https:\/\/www.facebook.com\/van2go.travel","article_published_time":"2023-02-06T08:39:05+00:00","article_modified_time":"2023-02-06T08:39:27+00:00","og_image":[{"width":1920,"height":1440,"url":"https:\/\/www.van2go.travel\/wp-content\/uploads\/2021\/04\/pexels-pixabay-416974-scaled.jpg","type":"image\/jpeg"}],"author":"Administrator","twitter_card":"summary_large_image","twitter_misc":{"Napisane przez":"Administrator","Szacowany czas czytania":"2 minuty"},"schema":{"@context":"https:\/\/schema.org","@graph":[{"@type":"Article","@id":"https:\/\/www.van2go.travel\/die-neue-campingsaison-startet-bald\/#article","isPartOf":{"@id":"https:\/\/www.van2go.travel\/die-neue-campingsaison-startet-bald\/"},"author":{"name":"Administrator","@id":"https:\/\/www.van2go.travel\/#\/schema\/person\/043b23b2eb2e627d08228e78808f9818"},"headline":"Die neue Campingsaison startet bald","datePublished":"2023-02-06T08:39:05+00:00","dateModified":"2023-02-06T08:39:27+00:00","mainEntityOfPage":{"@id":"https:\/\/www.van2go.travel\/die-neue-campingsaison-startet-bald\/"},"wordCount":314,"commentCount":0,"publisher":{"@id":"https:\/\/www.van2go.travel\/#organization"},"image":{"@id":"https:\/\/www.van2go.travel\/die-neue-campingsaison-startet-bald\/#primaryimage"},"thumbnailUrl":"https:\/\/www.van2go.travel\/wp-content\/uploads\/2021\/04\/pexels-pixabay-416974-scaled.jpg","articleSection":["Allgemein"],"inLanguage":"pl-PL","potentialAction":[{"@type":"CommentAction","name":"Comment","target":["https:\/\/www.van2go.travel\/die-neue-campingsaison-startet-bald\/#respond"]}]},{"@type":"WebPage","@id":"https:\/\/www.van2go.travel\/die-neue-campingsaison-startet-bald\/","url":"https:\/\/www.van2go.travel\/die-neue-campingsaison-startet-bald\/","name":"Die neue Campingsaison startet bald","isPartOf":{"@id":"https:\/\/www.van2go.travel\/#website"},"primaryImageOfPage":{"@id":"https:\/\/www.van2go.travel\/die-neue-campingsaison-startet-bald\/#primaryimage"},"image":{"@id":"https:\/\/www.van2go.travel\/die-neue-campingsaison-startet-bald\/#primaryimage"},"thumbnailUrl":"https:\/\/www.van2go.travel\/wp-content\/uploads\/2021\/04\/pexels-pixabay-416974-scaled.jpg","datePublished":"2023-02-06T08:39:05+00:00","dateModified":"2023-02-06T08:39:27+00:00","description":"Mit dem Fr\u00fchling beginnt die neue Camping Saison. Sichere dir rechtzeitig ein Wohnmobil, mit dem du einen tollen Urlaub haben wirst.","breadcrumb":{"@id":"https:\/\/www.van2go.travel\/die-neue-campingsaison-startet-bald\/#breadcrumb"},"inLanguage":"pl-PL","potentialAction":[{"@type":"ReadAction","target":["https:\/\/www.van2go.travel\/die-neue-campingsaison-startet-bald\/"]}]},{"@type":"ImageObject","inLanguage":"pl-PL","@id":"https:\/\/www.van2go.travel\/die-neue-campingsaison-startet-bald\/#primaryimage","url":"https:\/\/www.van2go.travel\/wp-content\/uploads\/2021\/04\/pexels-pixabay-416974-scaled.jpg","contentUrl":"https:\/\/www.van2go.travel\/wp-content\/uploads\/2021\/04\/pexels-pixabay-416974-scaled.jpg","width":1920,"height":1440,"caption":"Freiheit mit dem Wohnmobil auf der Stra\u00dfe"},{"@type":"BreadcrumbList","@id":"https:\/\/www.van2go.travel\/die-neue-campingsaison-startet-bald\/#breadcrumb","itemListElement":[{"@type":"ListItem","position":1,"name":"Startseite","item":"https:\/\/www.van2go.travel\/"},{"@type":"ListItem","position":2,"name":"Die neue Campingsaison startet bald"}]},{"@type":"WebSite","@id":"https:\/\/www.van2go.travel\/#website","url":"https:\/\/www.van2go.travel\/","name":"Van2Go","description":"Camper Vans und Wohnmobile mieten in Singen am Bodensee","publisher":{"@id":"https:\/\/www.van2go.travel\/#organization"},"potentialAction":[{"@type":"SearchAction","target":{"@type":"EntryPoint","urlTemplate":"https:\/\/www.van2go.travel\/?s={search_term_string}"},"query-input":{"@type":"PropertyValueSpecification","valueRequired":true,"valueName":"search_term_string"}}],"inLanguage":"pl-PL"},{"@type":"Organization","@id":"https:\/\/www.van2go.travel\/#organization","name":"Van2Go","url":"https:\/\/www.van2go.travel\/","logo":{"@type":"ImageObject","inLanguage":"pl-PL","@id":"https:\/\/www.van2go.travel\/#\/schema\/logo\/image\/","url":"https:\/\/www.van2go.travel\/wp-content\/uploads\/2021\/12\/Van2Go-Original-Logo_Schrift-rechts-gross.png","contentUrl":"https:\/\/www.van2go.travel\/wp-content\/uploads\/2021\/12\/Van2Go-Original-Logo_Schrift-rechts-gross.png","width":2825,"height":1008,"caption":"Van2Go"},"image":{"@id":"https:\/\/www.van2go.travel\/#\/schema\/logo\/image\/"},"sameAs":["https:\/\/www.facebook.com\/van2go.travel"]},{"@type":"Person","@id":"https:\/\/www.van2go.travel\/#\/schema\/person\/043b23b2eb2e627d08228e78808f9818","name":"Administrator","image":{"@type":"ImageObject","inLanguage":"pl-PL","@id":"https:\/\/www.van2go.travel\/#\/schema\/person\/image\/","url":"https:\/\/secure.gravatar.com\/avatar\/3ee596e232b00901de3737128c55d4ad?s=96&d=mm&r=g","contentUrl":"https:\/\/secure.gravatar.com\/avatar\/3ee596e232b00901de3737128c55d4ad?s=96&d=mm&r=g","caption":"Administrator"},"sameAs":["http:\/\/van2go.travel"],"url":"https:\/\/www.van2go.travel\/pl\/author\/administrator\/"}]}},"_links":{"self":[{"href":"https:\/\/www.van2go.travel\/pl\/wp-json\/wp\/v2\/posts\/2832","targetHints":{"allow":["GET"]}}],"collection":[{"href":"https:\/\/www.van2go.travel\/pl\/wp-json\/wp\/v2\/posts"}],"about":[{"href":"https:\/\/www.van2go.travel\/pl\/wp-json\/wp\/v2\/types\/post"}],"author":[{"embeddable":true,"href":"https:\/\/www.van2go.travel\/pl\/wp-json\/wp\/v2\/users\/1"}],"replies":[{"embeddable":true,"href":"https:\/\/www.van2go.travel\/pl\/wp-json\/wp\/v2\/comments?post=2832"}],"version-history":[{"count":4,"href":"https:\/\/www.van2go.travel\/pl\/wp-json\/wp\/v2\/posts\/2832\/revisions"}],"predecessor-version":[{"id":2836,"href":"https:\/\/www.van2go.travel\/pl\/wp-json\/wp\/v2\/posts\/2832\/revisions\/2836"}],"wp:featuredmedia":[{"embeddable":true,"href":"https:\/\/www.van2go.travel\/pl\/wp-json\/wp\/v2\/media\/1479"}],"wp:attachment":[{"href":"https:\/\/www.van2go.travel\/pl\/wp-json\/wp\/v2\/media?parent=2832"}],"wp:term":[{"taxonomy":"category","embeddable":true,"href":"https:\/\/www.van2go.travel\/pl\/wp-json\/wp\/v2\/categories?post=2832"},{"taxonomy":"post_tag","embeddable":true,"href":"https:\/\/www.van2go.travel\/pl\/wp-json\/wp\/v2\/tags?post=2832"}],"curies":[{"name":"wp","href":"https:\/\/api.w.org\/{rel}","templated":true}]}}