{"id":2339,"date":"2022-04-24T19:23:29","date_gmt":"2022-04-24T17:23:29","guid":{"rendered":"https:\/\/www.van2go.travel\/?p=2339"},"modified":"2022-04-24T19:37:08","modified_gmt":"2022-04-24T17:37:08","slug":"die-fahrzeugfamilie-ist-komplett","status":"publish","type":"post","link":"https:\/\/www.van2go.travel\/pl\/die-fahrzeugfamilie-ist-komplett\/","title":{"rendered":"Die (Fahrzeug-) Familie ist komplett"},"content":{"rendered":"\t\t<div data-elementor-type=\"wp-post\" data-elementor-id=\"2339\" class=\"elementor elementor-2339\">\n\t\t\t\t\t\t\t\t\t<section class=\"elementor-section elementor-top-section elementor-element elementor-element-43fee3d elementor-section-boxed elementor-section-height-default elementor-section-height-default wpr-particle-no wpr-jarallax-no wpr-parallax-no wpr-sticky-section-no\" data-id=\"43fee3d\" data-element_type=\"section\">\n\t\t\t\t\t\t<div class=\"elementor-container elementor-column-gap-default\">\n\t\t\t\t\t<div class=\"elementor-column elementor-col-100 elementor-top-column elementor-element elementor-element-cd83cec\" data-id=\"cd83cec\" data-element_type=\"column\">\n\t\t\t<div class=\"elementor-widget-wrap elementor-element-populated\">\n\t\t\t\t\t\t\t\t<div class=\"elementor-element elementor-element-639615d elementor-widget elementor-widget-heading\" data-id=\"639615d\" data-element_type=\"widget\" data-widget_type=\"heading.default\">\n\t\t\t\t<div class=\"elementor-widget-container\">\n\t\t\t<h2 class=\"elementor-heading-title elementor-size-default\">Die (Fahrzeug-) Familie ist komplett<\/h2>\t\t<\/div>\n\t\t\t\t<\/div>\n\t\t\t\t<div class=\"elementor-element elementor-element-2d9a09d elementor-widget elementor-widget-text-editor\" data-id=\"2d9a09d\" data-element_type=\"widget\" data-widget_type=\"text-editor.default\">\n\t\t\t\t<div class=\"elementor-widget-container\">\n\t\t\t\t\t\t\t<p>Mit der Abholung unseres Camper Vans Venedig ist unsere Fahrzeug-Familie (vorerst) komplett.<\/p><p>Der Kleinste im Bunde hat zwar kompakte Au\u00dfenma\u00dfe, bietet im Innenraum dennoch genug Platz f\u00fcr zwei Erwachsene zum Schlafen und hat vier Sitzpl\u00e4tze. Eine komplette Nasszelle mit WC, Dusche und Waschbecken sind auf diesem kompakten Raum ebenfalls verbaut und lassen keine W\u00fcnsche offen.<\/p><p>Nachfolgend findet ihr eine kurze Bildergalerie des Fahrzeugs:<\/p>\t\t\t\t\t\t<\/div>\n\t\t\t\t<\/div>\n\t\t\t\t<div class=\"elementor-element elementor-element-d557bd5 elementor-widget elementor-widget-image-gallery\" data-id=\"d557bd5\" data-element_type=\"widget\" data-widget_type=\"image-gallery.default\">\n\t\t\t\t<div class=\"elementor-widget-container\">\n\t\t\t\t\t<div class=\"elementor-image-gallery\">\n\t\t\t<div id='gallery-1' class='gallery galleryid-2339 gallery-columns-4 gallery-size-templines-vehicle'><figure class='gallery-item'>\r\n\t\t\t<div class='gallery-icon landscape'>\r\n\t\t\t\t<a data-elementor-open-lightbox=\"yes\" data-elementor-lightbox-slideshow=\"d557bd5\" data-elementor-lightbox-title=\"Camper Van Venedig, Ansicht von der Seite mit offener seitlicher T\u00fcr und ausgefahrenem Trittbrett mit Blick ins Innere\" data-elementor-lightbox-description=\"Camper Van Venedig, Ansicht von der Seite mit offener seitlicher T\u00fcr und ausgefahrenem Trittbrett mit Blick ins Innere\" e-action-hash=\"#elementor-action%3Aaction%3Dlightbox%26settings%3DeyJpZCI6MjMzNCwidXJsIjoiaHR0cHM6XC9cL3d3dy52YW4yZ28udHJhdmVsXC93cC1jb250ZW50XC91cGxvYWRzXC8yMDIyXC8wNFwvMjAyMjA0MTJfMTY0ODE3LXNjYWxlZC5qcGciLCJzbGlkZXNob3ciOiJkNTU3YmQ1In0%3D\" href='https:\/\/www.van2go.travel\/wp-content\/uploads\/2022\/04\/20220412_164817-scaled.jpg'><img decoding=\"async\" width=\"360\" height=\"300\" src=\"https:\/\/www.van2go.travel\/wp-content\/uploads\/2022\/04\/20220412_164817-360x300.jpg\" class=\"attachment-templines-vehicle size-templines-vehicle\" alt=\"Camper Van Venedig, Ansicht von der Seite mit offener seitlicher T\u00fcr und ausgefahrenem Trittbrett mit Blick ins Innere\" aria-describedby=\"gallery-1-2334\" srcset=\"https:\/\/www.van2go.travel\/wp-content\/uploads\/2022\/04\/20220412_164817-360x300.jpg 360w, https:\/\/www.van2go.travel\/wp-content\/uploads\/2022\/04\/20220412_164817-720x600.jpg 720w\" sizes=\"(max-width: 360px) 100vw, 360px\" \/><\/a>\r\n\t\t\t<\/div>\r\n\t\t\t\t<figcaption class='wp-caption-text gallery-caption' id='gallery-1-2334'>\r\n\t\t\t\tCamper Van Venedig, Ansicht von der Seite mit offener seitlicher T\u00fcr und ausgefahrenem Trittbrett mit Blick ins Innere\r\n\t\t\t\t<\/figcaption><\/figure><figure class='gallery-item'>\r\n\t\t\t<div class='gallery-icon landscape'>\r\n\t\t\t\t<a data-elementor-open-lightbox=\"yes\" data-elementor-lightbox-slideshow=\"d557bd5\" data-elementor-lightbox-title=\"Camper Van Venedig, Ansicht von der Seite mit offener seitlicher T\u00fcr und ausgefahrenem Trittbrett\" data-elementor-lightbox-description=\"Camper Van Venedig, Ansicht von der Seite mit offener seitlicher T\u00fcr und ausgefahrenem Trittbrett\" e-action-hash=\"#elementor-action%3Aaction%3Dlightbox%26settings%3DeyJpZCI6MjMzNSwidXJsIjoiaHR0cHM6XC9cL3d3dy52YW4yZ28udHJhdmVsXC93cC1jb250ZW50XC91cGxvYWRzXC8yMDIyXC8wNFwvMjAyMjA0MTJfMTY0ODQ4LXNjYWxlZC1lMTcwNjMxMjMyOTcyOC5qcGciLCJzbGlkZXNob3ciOiJkNTU3YmQ1In0%3D\" href='https:\/\/www.van2go.travel\/wp-content\/uploads\/2022\/04\/20220412_164848-scaled-e1706312329728.jpg'><img decoding=\"async\" width=\"360\" height=\"300\" src=\"https:\/\/www.van2go.travel\/wp-content\/uploads\/2022\/04\/20220412_164848-scaled-e1706312329728-360x300.jpg\" class=\"attachment-templines-vehicle size-templines-vehicle\" alt=\"Camper Van Venedig, Ansicht von der Seite mit offener seitlicher T\u00fcr und ausgefahrenem Trittbrett\" aria-describedby=\"gallery-1-2335\" srcset=\"https:\/\/www.van2go.travel\/wp-content\/uploads\/2022\/04\/20220412_164848-scaled-e1706312329728-360x300.jpg 360w, https:\/\/www.van2go.travel\/wp-content\/uploads\/2022\/04\/20220412_164848-scaled-e1706312329728-720x600.jpg 720w\" sizes=\"(max-width: 360px) 100vw, 360px\" \/><\/a>\r\n\t\t\t<\/div>\r\n\t\t\t\t<figcaption class='wp-caption-text gallery-caption' id='gallery-1-2335'>\r\n\t\t\t\tCamper Van Venedig, Ansicht von der Seite mit offener seitlicher T\u00fcr und ausgefahrenem Trittbrett\r\n\t\t\t\t<\/figcaption><\/figure><figure class='gallery-item'>\r\n\t\t\t<div class='gallery-icon landscape'>\r\n\t\t\t\t<a data-elementor-open-lightbox=\"yes\" data-elementor-lightbox-slideshow=\"d557bd5\" data-elementor-lightbox-title=\"Camper Van Venedig, Blick durch die seitliche Schiebet\u00fcr ins Innere auf die Dinette und die K\u00fcche\" data-elementor-lightbox-description=\"Camper Van Venedig, Blick durch die seitliche Schiebet\u00fcr ins Innere auf die Dinette und die K\u00fcche\" e-action-hash=\"#elementor-action%3Aaction%3Dlightbox%26settings%3DeyJpZCI6MjMzNiwidXJsIjoiaHR0cHM6XC9cL3d3dy52YW4yZ28udHJhdmVsXC93cC1jb250ZW50XC91cGxvYWRzXC8yMDIyXC8wNFwvMjAyMjA0MTJfMTY0ODU5LXNjYWxlZC5qcGciLCJzbGlkZXNob3ciOiJkNTU3YmQ1In0%3D\" href='https:\/\/www.van2go.travel\/wp-content\/uploads\/2022\/04\/20220412_164859-scaled.jpg'><img decoding=\"async\" width=\"360\" height=\"300\" src=\"https:\/\/www.van2go.travel\/wp-content\/uploads\/2022\/04\/20220412_164859-360x300.jpg\" class=\"attachment-templines-vehicle size-templines-vehicle\" alt=\"Camper Van Venedig, Blick durch die seitliche Schiebet\u00fcr ins Innere auf die Dinette und die K\u00fcche\" aria-describedby=\"gallery-1-2336\" srcset=\"https:\/\/www.van2go.travel\/wp-content\/uploads\/2022\/04\/20220412_164859-360x300.jpg 360w, https:\/\/www.van2go.travel\/wp-content\/uploads\/2022\/04\/20220412_164859-720x600.jpg 720w\" sizes=\"(max-width: 360px) 100vw, 360px\" \/><\/a>\r\n\t\t\t<\/div>\r\n\t\t\t\t<figcaption class='wp-caption-text gallery-caption' id='gallery-1-2336'>\r\n\t\t\t\tCamper Van Venedig, Blick durch die seitliche Schiebet\u00fcr ins Innere auf die Dinette und die K\u00fcche\r\n\t\t\t\t<\/figcaption><\/figure><figure class='gallery-item'>\r\n\t\t\t<div class='gallery-icon portrait'>\r\n\t\t\t\t<a data-elementor-open-lightbox=\"yes\" data-elementor-lightbox-slideshow=\"d557bd5\" data-elementor-lightbox-title=\"Camper Van Venedig, Blick von hinten nach vorne ins Fahrerhaus \u00fcber die Dinette\" data-elementor-lightbox-description=\"Camper Van Venedig, Blick von hinten nach vorne ins Fahrerhaus \u00fcber die Dinette\" e-action-hash=\"#elementor-action%3Aaction%3Dlightbox%26settings%3DeyJpZCI6MjMzNywidXJsIjoiaHR0cHM6XC9cL3d3dy52YW4yZ28udHJhdmVsXC93cC1jb250ZW50XC91cGxvYWRzXC8yMDIyXC8wNFwvMjAyMjA0MTJfMTY0OTIyLXNjYWxlZC5qcGciLCJzbGlkZXNob3ciOiJkNTU3YmQ1In0%3D\" href='https:\/\/www.van2go.travel\/wp-content\/uploads\/2022\/04\/20220412_164922-scaled.jpg'><img decoding=\"async\" width=\"360\" height=\"300\" src=\"https:\/\/www.van2go.travel\/wp-content\/uploads\/2022\/04\/20220412_164922-360x300.jpg\" class=\"attachment-templines-vehicle size-templines-vehicle\" alt=\"Camper Van Venedig, Blick von hinten nach vorne ins Fahrerhaus \u00fcber die Dinette\" aria-describedby=\"gallery-1-2337\" srcset=\"https:\/\/www.van2go.travel\/wp-content\/uploads\/2022\/04\/20220412_164922-360x300.jpg 360w, https:\/\/www.van2go.travel\/wp-content\/uploads\/2022\/04\/20220412_164922-720x600.jpg 720w\" sizes=\"(max-width: 360px) 100vw, 360px\" \/><\/a>\r\n\t\t\t<\/div>\r\n\t\t\t\t<figcaption class='wp-caption-text gallery-caption' id='gallery-1-2337'>\r\n\t\t\t\tCamper Van Venedig, Blick von hinten nach vorne ins Fahrerhaus \u00fcber die Dinette\r\n\t\t\t\t<\/figcaption><\/figure><figure class='gallery-item'>\r\n\t\t\t<div class='gallery-icon portrait'>\r\n\t\t\t\t<a data-elementor-open-lightbox=\"yes\" data-elementor-lightbox-slideshow=\"d557bd5\" data-elementor-lightbox-title=\"Camper Van Venedig, Blick von Vorne nach hinten \u00fcber die K\u00fcche zum Schlafbereich mit dem Doppelbett\" data-elementor-lightbox-description=\"Camper Van Venedig, Blick von Vorne nach hinten \u00fcber die K\u00fcche zum Schlafbereich mit dem Doppelbett\" e-action-hash=\"#elementor-action%3Aaction%3Dlightbox%26settings%3DeyJpZCI6MjMzMywidXJsIjoiaHR0cHM6XC9cL3d3dy52YW4yZ28udHJhdmVsXC93cC1jb250ZW50XC91cGxvYWRzXC8yMDIyXC8wNFwvMjAyMjA0MTJfMTY0NzQyLXNjYWxlZC5qcGciLCJzbGlkZXNob3ciOiJkNTU3YmQ1In0%3D\" href='https:\/\/www.van2go.travel\/wp-content\/uploads\/2022\/04\/20220412_164742-scaled.jpg'><img decoding=\"async\" width=\"360\" height=\"300\" src=\"https:\/\/www.van2go.travel\/wp-content\/uploads\/2022\/04\/20220412_164742-360x300.jpg\" class=\"attachment-templines-vehicle size-templines-vehicle\" alt=\"Camper Van Venedig, Blick von Vorne nach hinten \u00fcber die K\u00fcche zum Schlafbereich mit dem Doppelbett\" aria-describedby=\"gallery-1-2333\" srcset=\"https:\/\/www.van2go.travel\/wp-content\/uploads\/2022\/04\/20220412_164742-360x300.jpg 360w, https:\/\/www.van2go.travel\/wp-content\/uploads\/2022\/04\/20220412_164742-720x600.jpg 720w\" sizes=\"(max-width: 360px) 100vw, 360px\" \/><\/a>\r\n\t\t\t<\/div>\r\n\t\t\t\t<figcaption class='wp-caption-text gallery-caption' id='gallery-1-2333'>\r\n\t\t\t\tCamper Van Venedig, Blick von Vorne nach hinten \u00fcber die K\u00fcche zum Schlafbereich mit dem Doppelbett\r\n\t\t\t\t<\/figcaption><\/figure><figure class='gallery-item'>\r\n\t\t\t<div class='gallery-icon portrait'>\r\n\t\t\t\t<a data-elementor-open-lightbox=\"yes\" data-elementor-lightbox-slideshow=\"d557bd5\" data-elementor-lightbox-title=\"Camper Van Venedig, Blick in das Badezimmer mit herausgeklapptem Waschbecken mit Toilette und Dusche\" data-elementor-lightbox-description=\"Camper Van Venedig, Blick in das Badezimmer mit herausgeklapptem Waschbecken mit Toilette und Dusche\" e-action-hash=\"#elementor-action%3Aaction%3Dlightbox%26settings%3DeyJpZCI6MjMzMiwidXJsIjoiaHR0cHM6XC9cL3d3dy52YW4yZ28udHJhdmVsXC93cC1jb250ZW50XC91cGxvYWRzXC8yMDIyXC8wNFwvMjAyMjA0MTJfMTY0NzE2LXNjYWxlZC5qcGciLCJzbGlkZXNob3ciOiJkNTU3YmQ1In0%3D\" href='https:\/\/www.van2go.travel\/wp-content\/uploads\/2022\/04\/20220412_164716-scaled.jpg'><img decoding=\"async\" width=\"360\" height=\"300\" src=\"https:\/\/www.van2go.travel\/wp-content\/uploads\/2022\/04\/20220412_164716-360x300.jpg\" class=\"attachment-templines-vehicle size-templines-vehicle\" alt=\"Camper Van Venedig, Blick in das Badezimmer mit herausgeklapptem Waschbecken mit Toilette und Dusche\" aria-describedby=\"gallery-1-2332\" srcset=\"https:\/\/www.van2go.travel\/wp-content\/uploads\/2022\/04\/20220412_164716-360x300.jpg 360w, https:\/\/www.van2go.travel\/wp-content\/uploads\/2022\/04\/20220412_164716-720x600.jpg 720w\" sizes=\"(max-width: 360px) 100vw, 360px\" \/><\/a>\r\n\t\t\t<\/div>\r\n\t\t\t\t<figcaption class='wp-caption-text gallery-caption' id='gallery-1-2332'>\r\n\t\t\t\tCamper Van Venedig, Blick in das Badezimmer mit herausgeklapptem Waschbecken mit Toilette und Dusche\r\n\t\t\t\t<\/figcaption><\/figure><figure class='gallery-item'>\r\n\t\t\t<div class='gallery-icon landscape'>\r\n\t\t\t\t<a data-elementor-open-lightbox=\"yes\" data-elementor-lightbox-slideshow=\"d557bd5\" data-elementor-lightbox-title=\"Camper Van Venedig\" data-elementor-lightbox-description=\"Camper Van Venedig\" e-action-hash=\"#elementor-action%3Aaction%3Dlightbox%26settings%3DeyJpZCI6MTgxNSwidXJsIjoiaHR0cHM6XC9cL3d3dy52YW4yZ28udHJhdmVsXC93cC1jb250ZW50XC91cGxvYWRzXC8yMDE5XC8wOFwvTGl2aW5nc3RvbmUtSzIucG5nIiwic2xpZGVzaG93IjoiZDU1N2JkNSJ9\" href='https:\/\/www.van2go.travel\/wp-content\/uploads\/2019\/08\/Livingstone-K2.png'><img decoding=\"async\" width=\"360\" height=\"300\" src=\"https:\/\/www.van2go.travel\/wp-content\/uploads\/2019\/08\/Livingstone-K2-360x300.png\" class=\"attachment-templines-vehicle size-templines-vehicle\" alt=\"Camper Van Venedig\" aria-describedby=\"gallery-1-1815\" \/><\/a>\r\n\t\t\t<\/div>\r\n\t\t\t\t<figcaption class='wp-caption-text gallery-caption' id='gallery-1-1815'>\r\n\t\t\t\tCamper Van Venedig\r\n\t\t\t\t<\/figcaption><\/figure><\/div>\n\t\t<\/div>\n\t\t\t\t<\/div>\n\t\t\t\t<\/div>\n\t\t\t\t<div class=\"elementor-element elementor-element-5f51e17 elementor-widget elementor-widget-text-editor\" data-id=\"5f51e17\" data-element_type=\"widget\" data-widget_type=\"text-editor.default\">\n\t\t\t\t<div class=\"elementor-widget-container\">\n\t\t\t\t\t\t\t<p>Eine genaue Beschreibung des Fahrzeugs und die M\u00f6glichkeit, dieses zu buchen, findet ihr unter dem nachfolgenden Link:<\/p><p><a href=\"https:\/\/www.van2go.travel\/catalog\/camper-van-venedig\/\">Camper Van Venedig<\/a><\/p>\t\t\t\t\t\t<\/div>\n\t\t\t\t<\/div>\n\t\t\t\t\t<\/div>\n\t\t<\/div>\n\t\t\t\t\t\t\t<\/div>\n\t\t<\/section>\n\t\t\t\t\t\t\t<\/div>\n\t\t","protected":false},"excerpt":{"rendered":"<p>Mit dem Camper Van Venedig ist unsere Fahrzeug-Familie (vorerst) komplett. Erfahrt hier mehr \u00fcber dieses tolle kompakte Wohnmobil.<\/p>\n","protected":false},"author":1,"featured_media":2335,"comment_status":"open","ping_status":"open","sticky":false,"template":"","format":"standard","meta":{"footnotes":""},"categories":[1,29],"tags":[128,124],"class_list":["post-2339","post","type-post","status-publish","format-standard","has-post-thumbnail","hentry","category-allgemein","category-fahrzeugtypen","tag-camper-van","tag-wohnmobil"],"yoast_head":"<!-- This site is optimized with the Yoast SEO plugin v26.6 - https:\/\/yoast.com\/wordpress\/plugins\/seo\/ -->\n<title>Die (Fahrzeug-) Familie ist komplett<\/title>\n<meta name=\"description\" content=\"Mit dem Camper Van Venedig ist unsere Fahrzeug-Familie (vorerst) komplett. Erfahrt hier mehr \u00fcber dieses tolle kompakte Wohnmobil.\" \/>\n<meta name=\"robots\" content=\"index, follow, max-snippet:-1, max-image-preview:large, max-video-preview:-1\" \/>\n<link rel=\"canonical\" href=\"https:\/\/www.van2go.travel\/pl\/die-fahrzeugfamilie-ist-komplett\/\" \/>\n<meta property=\"og:locale\" content=\"pl_PL\" \/>\n<meta property=\"og:locale:alternate\" content=\"de_DE\" \/>\n<meta property=\"og:type\" content=\"article\" \/>\n<meta property=\"og:title\" content=\"Die (Fahrzeug-) Familie ist komplett\" \/>\n<meta property=\"og:description\" content=\"Mit dem Camper Van Venedig ist unsere Fahrzeug-Familie (vorerst) komplett. Erfahrt hier mehr \u00fcber dieses tolle kompakte Wohnmobil.\" \/>\n<meta property=\"og:url\" content=\"https:\/\/www.van2go.travel\/pl\/die-fahrzeugfamilie-ist-komplett\/\" \/>\n<meta property=\"og:site_name\" content=\"Van2Go - Das Microcamping Center in Singen am Bodensee\" \/>\n<meta property=\"article:publisher\" content=\"https:\/\/www.facebook.com\/van2go.travel\" \/>\n<meta property=\"article:published_time\" content=\"2022-04-24T17:23:29+00:00\" \/>\n<meta property=\"article:modified_time\" content=\"2022-04-24T17:37:08+00:00\" \/>\n<meta property=\"og:image\" content=\"https:\/\/www.van2go.travel\/wp-content\/uploads\/2022\/04\/20220412_164848-scaled.jpg\" \/>\n\t<meta property=\"og:image:width\" content=\"2560\" \/>\n\t<meta property=\"og:image:height\" content=\"1153\" \/>\n\t<meta property=\"og:image:type\" content=\"image\/jpeg\" \/>\n<meta name=\"author\" content=\"Administrator\" \/>\n<meta name=\"twitter:card\" content=\"summary_large_image\" \/>\n<meta name=\"twitter:label1\" content=\"Napisane przez\" \/>\n\t<meta name=\"twitter:data1\" content=\"Administrator\" \/>\n\t<meta name=\"twitter:label2\" content=\"Szacowany czas czytania\" \/>\n\t<meta name=\"twitter:data2\" content=\"1 minuta\" \/>\n<script type=\"application\/ld+json\" class=\"yoast-schema-graph\">{\"@context\":\"https:\/\/schema.org\",\"@graph\":[{\"@type\":\"Article\",\"@id\":\"https:\/\/www.van2go.travel\/die-fahrzeugfamilie-ist-komplett\/#article\",\"isPartOf\":{\"@id\":\"https:\/\/www.van2go.travel\/die-fahrzeugfamilie-ist-komplett\/\"},\"author\":{\"name\":\"Administrator\",\"@id\":\"https:\/\/www.van2go.travel\/#\/schema\/person\/043b23b2eb2e627d08228e78808f9818\"},\"headline\":\"Die (Fahrzeug-) Familie ist komplett\",\"datePublished\":\"2022-04-24T17:23:29+00:00\",\"dateModified\":\"2022-04-24T17:37:08+00:00\",\"mainEntityOfPage\":{\"@id\":\"https:\/\/www.van2go.travel\/die-fahrzeugfamilie-ist-komplett\/\"},\"wordCount\":188,\"commentCount\":0,\"publisher\":{\"@id\":\"https:\/\/www.van2go.travel\/#organization\"},\"image\":{\"@id\":\"https:\/\/www.van2go.travel\/die-fahrzeugfamilie-ist-komplett\/#primaryimage\"},\"thumbnailUrl\":\"https:\/\/www.van2go.travel\/wp-content\/uploads\/2022\/04\/20220412_164848-scaled-e1706312329728.jpg\",\"keywords\":[\"Camper Van\",\"Wohnmobil\"],\"articleSection\":[\"Allgemein\",\"Fahrzeugtypen\"],\"inLanguage\":\"pl-PL\",\"potentialAction\":[{\"@type\":\"CommentAction\",\"name\":\"Comment\",\"target\":[\"https:\/\/www.van2go.travel\/die-fahrzeugfamilie-ist-komplett\/#respond\"]}]},{\"@type\":\"WebPage\",\"@id\":\"https:\/\/www.van2go.travel\/die-fahrzeugfamilie-ist-komplett\/\",\"url\":\"https:\/\/www.van2go.travel\/die-fahrzeugfamilie-ist-komplett\/\",\"name\":\"Die (Fahrzeug-) Familie ist komplett\",\"isPartOf\":{\"@id\":\"https:\/\/www.van2go.travel\/#website\"},\"primaryImageOfPage\":{\"@id\":\"https:\/\/www.van2go.travel\/die-fahrzeugfamilie-ist-komplett\/#primaryimage\"},\"image\":{\"@id\":\"https:\/\/www.van2go.travel\/die-fahrzeugfamilie-ist-komplett\/#primaryimage\"},\"thumbnailUrl\":\"https:\/\/www.van2go.travel\/wp-content\/uploads\/2022\/04\/20220412_164848-scaled-e1706312329728.jpg\",\"datePublished\":\"2022-04-24T17:23:29+00:00\",\"dateModified\":\"2022-04-24T17:37:08+00:00\",\"description\":\"Mit dem Camper Van Venedig ist unsere Fahrzeug-Familie (vorerst) komplett. Erfahrt hier mehr \u00fcber dieses tolle kompakte Wohnmobil.\",\"breadcrumb\":{\"@id\":\"https:\/\/www.van2go.travel\/die-fahrzeugfamilie-ist-komplett\/#breadcrumb\"},\"inLanguage\":\"pl-PL\",\"potentialAction\":[{\"@type\":\"ReadAction\",\"target\":[\"https:\/\/www.van2go.travel\/die-fahrzeugfamilie-ist-komplett\/\"]}]},{\"@type\":\"ImageObject\",\"inLanguage\":\"pl-PL\",\"@id\":\"https:\/\/www.van2go.travel\/die-fahrzeugfamilie-ist-komplett\/#primaryimage\",\"url\":\"https:\/\/www.van2go.travel\/wp-content\/uploads\/2022\/04\/20220412_164848-scaled-e1706312329728.jpg\",\"contentUrl\":\"https:\/\/www.van2go.travel\/wp-content\/uploads\/2022\/04\/20220412_164848-scaled-e1706312329728.jpg\",\"width\":1334,\"height\":864,\"caption\":\"Camper Van Venedig, Ansicht von der Seite mit offener seitlicher T\u00fcr und ausgefahrenem Trittbrett\"},{\"@type\":\"BreadcrumbList\",\"@id\":\"https:\/\/www.van2go.travel\/die-fahrzeugfamilie-ist-komplett\/#breadcrumb\",\"itemListElement\":[{\"@type\":\"ListItem\",\"position\":1,\"name\":\"Startseite\",\"item\":\"https:\/\/www.van2go.travel\/\"},{\"@type\":\"ListItem\",\"position\":2,\"name\":\"Die (Fahrzeug-) Familie ist komplett\"}]},{\"@type\":\"WebSite\",\"@id\":\"https:\/\/www.van2go.travel\/#website\",\"url\":\"https:\/\/www.van2go.travel\/\",\"name\":\"Van2Go - Das Microcamping Center in Singen am Bodensee\",\"description\":\"Autorisierter H\u00e4ndler des Travelers von squiq, der Nestbox von Ego\u00e9, qeedo Dachzelten, E-Bikes von VanMoof und der Aufbaubatterie Saftkiste. Wir haben die L\u00f6sung, um dein Auto in einen Camper zu verwandeln.\",\"publisher\":{\"@id\":\"https:\/\/www.van2go.travel\/#organization\"},\"potentialAction\":[{\"@type\":\"SearchAction\",\"target\":{\"@type\":\"EntryPoint\",\"urlTemplate\":\"https:\/\/www.van2go.travel\/?s={search_term_string}\"},\"query-input\":{\"@type\":\"PropertyValueSpecification\",\"valueRequired\":true,\"valueName\":\"search_term_string\"}}],\"inLanguage\":\"pl-PL\"},{\"@type\":\"Organization\",\"@id\":\"https:\/\/www.van2go.travel\/#organization\",\"name\":\"Van2Go\",\"url\":\"https:\/\/www.van2go.travel\/\",\"logo\":{\"@type\":\"ImageObject\",\"inLanguage\":\"pl-PL\",\"@id\":\"https:\/\/www.van2go.travel\/#\/schema\/logo\/image\/\",\"url\":\"https:\/\/www.van2go.travel\/wp-content\/uploads\/2021\/12\/Van2Go-Original-Logo_Schrift-rechts-gross.png\",\"contentUrl\":\"https:\/\/www.van2go.travel\/wp-content\/uploads\/2021\/12\/Van2Go-Original-Logo_Schrift-rechts-gross.png\",\"width\":2825,\"height\":1008,\"caption\":\"Van2Go\"},\"image\":{\"@id\":\"https:\/\/www.van2go.travel\/#\/schema\/logo\/image\/\"},\"sameAs\":[\"https:\/\/www.facebook.com\/van2go.travel\"]},{\"@type\":\"Person\",\"@id\":\"https:\/\/www.van2go.travel\/#\/schema\/person\/043b23b2eb2e627d08228e78808f9818\",\"name\":\"Administrator\",\"image\":{\"@type\":\"ImageObject\",\"inLanguage\":\"pl-PL\",\"@id\":\"https:\/\/www.van2go.travel\/#\/schema\/person\/image\/\",\"url\":\"https:\/\/secure.gravatar.com\/avatar\/3ee596e232b00901de3737128c55d4ad?s=96&d=mm&r=g\",\"contentUrl\":\"https:\/\/secure.gravatar.com\/avatar\/3ee596e232b00901de3737128c55d4ad?s=96&d=mm&r=g\",\"caption\":\"Administrator\"},\"sameAs\":[\"http:\/\/van2go.travel\"],\"url\":\"https:\/\/www.van2go.travel\/pl\/author\/administrator\/\"}]}<\/script>\n<!-- \/ Yoast SEO plugin. -->","yoast_head_json":{"title":"Die (Fahrzeug-) Familie ist komplett","description":"Mit dem Camper Van Venedig ist unsere Fahrzeug-Familie (vorerst) komplett. Erfahrt hier mehr \u00fcber dieses tolle kompakte Wohnmobil.","robots":{"index":"index","follow":"follow","max-snippet":"max-snippet:-1","max-image-preview":"max-image-preview:large","max-video-preview":"max-video-preview:-1"},"canonical":"https:\/\/www.van2go.travel\/pl\/die-fahrzeugfamilie-ist-komplett\/","og_locale":"pl_PL","og_type":"article","og_title":"[:de]Die (Fahrzeug-) Familie ist komplett[:] - Van2Go - Das Microcamping Center in Singen am Bodensee","og_description":"Mit dem Camper Van Venedig ist unsere Fahrzeug-Familie (vorerst) komplett. Erfahrt hier mehr \u00fcber dieses tolle kompakte Wohnmobil.","og_url":"https:\/\/www.van2go.travel\/pl\/die-fahrzeugfamilie-ist-komplett\/","og_site_name":"Van2Go - Das Microcamping Center in Singen am Bodensee","article_publisher":"https:\/\/www.facebook.com\/van2go.travel","article_published_time":"2022-04-24T17:23:29+00:00","article_modified_time":"2022-04-24T17:37:08+00:00","og_image":[{"width":2560,"height":1153,"url":"https:\/\/www.van2go.travel\/wp-content\/uploads\/2022\/04\/20220412_164848-scaled.jpg","type":"image\/jpeg"}],"author":"Administrator","twitter_card":"summary_large_image","twitter_misc":{"Napisane przez":"Administrator","Szacowany czas czytania":"1 minuta"},"schema":{"@context":"https:\/\/schema.org","@graph":[{"@type":"Article","@id":"https:\/\/www.van2go.travel\/die-fahrzeugfamilie-ist-komplett\/#article","isPartOf":{"@id":"https:\/\/www.van2go.travel\/die-fahrzeugfamilie-ist-komplett\/"},"author":{"name":"Administrator","@id":"https:\/\/www.van2go.travel\/#\/schema\/person\/043b23b2eb2e627d08228e78808f9818"},"headline":"Die (Fahrzeug-) Familie ist komplett","datePublished":"2022-04-24T17:23:29+00:00","dateModified":"2022-04-24T17:37:08+00:00","mainEntityOfPage":{"@id":"https:\/\/www.van2go.travel\/die-fahrzeugfamilie-ist-komplett\/"},"wordCount":188,"commentCount":0,"publisher":{"@id":"https:\/\/www.van2go.travel\/#organization"},"image":{"@id":"https:\/\/www.van2go.travel\/die-fahrzeugfamilie-ist-komplett\/#primaryimage"},"thumbnailUrl":"https:\/\/www.van2go.travel\/wp-content\/uploads\/2022\/04\/20220412_164848-scaled-e1706312329728.jpg","keywords":["Camper Van","Wohnmobil"],"articleSection":["Allgemein","Fahrzeugtypen"],"inLanguage":"pl-PL","potentialAction":[{"@type":"CommentAction","name":"Comment","target":["https:\/\/www.van2go.travel\/die-fahrzeugfamilie-ist-komplett\/#respond"]}]},{"@type":"WebPage","@id":"https:\/\/www.van2go.travel\/die-fahrzeugfamilie-ist-komplett\/","url":"https:\/\/www.van2go.travel\/die-fahrzeugfamilie-ist-komplett\/","name":"Die (Fahrzeug-) Familie ist komplett","isPartOf":{"@id":"https:\/\/www.van2go.travel\/#website"},"primaryImageOfPage":{"@id":"https:\/\/www.van2go.travel\/die-fahrzeugfamilie-ist-komplett\/#primaryimage"},"image":{"@id":"https:\/\/www.van2go.travel\/die-fahrzeugfamilie-ist-komplett\/#primaryimage"},"thumbnailUrl":"https:\/\/www.van2go.travel\/wp-content\/uploads\/2022\/04\/20220412_164848-scaled-e1706312329728.jpg","datePublished":"2022-04-24T17:23:29+00:00","dateModified":"2022-04-24T17:37:08+00:00","description":"Mit dem Camper Van Venedig ist unsere Fahrzeug-Familie (vorerst) komplett. Erfahrt hier mehr \u00fcber dieses tolle kompakte Wohnmobil.","breadcrumb":{"@id":"https:\/\/www.van2go.travel\/die-fahrzeugfamilie-ist-komplett\/#breadcrumb"},"inLanguage":"pl-PL","potentialAction":[{"@type":"ReadAction","target":["https:\/\/www.van2go.travel\/die-fahrzeugfamilie-ist-komplett\/"]}]},{"@type":"ImageObject","inLanguage":"pl-PL","@id":"https:\/\/www.van2go.travel\/die-fahrzeugfamilie-ist-komplett\/#primaryimage","url":"https:\/\/www.van2go.travel\/wp-content\/uploads\/2022\/04\/20220412_164848-scaled-e1706312329728.jpg","contentUrl":"https:\/\/www.van2go.travel\/wp-content\/uploads\/2022\/04\/20220412_164848-scaled-e1706312329728.jpg","width":1334,"height":864,"caption":"Camper Van Venedig, Ansicht von der Seite mit offener seitlicher T\u00fcr und ausgefahrenem Trittbrett"},{"@type":"BreadcrumbList","@id":"https:\/\/www.van2go.travel\/die-fahrzeugfamilie-ist-komplett\/#breadcrumb","itemListElement":[{"@type":"ListItem","position":1,"name":"Startseite","item":"https:\/\/www.van2go.travel\/"},{"@type":"ListItem","position":2,"name":"Die (Fahrzeug-) Familie ist komplett"}]},{"@type":"WebSite","@id":"https:\/\/www.van2go.travel\/#website","url":"https:\/\/www.van2go.travel\/","name":"Van2Go - Das Microcamping Center in Singen am Bodensee","description":"Autorisierter H\u00e4ndler des Travelers von squiq, der Nestbox von Ego\u00e9, qeedo Dachzelten, E-Bikes von VanMoof und der Aufbaubatterie Saftkiste. Wir haben die L\u00f6sung, um dein Auto in einen Camper zu verwandeln.","publisher":{"@id":"https:\/\/www.van2go.travel\/#organization"},"potentialAction":[{"@type":"SearchAction","target":{"@type":"EntryPoint","urlTemplate":"https:\/\/www.van2go.travel\/?s={search_term_string}"},"query-input":{"@type":"PropertyValueSpecification","valueRequired":true,"valueName":"search_term_string"}}],"inLanguage":"pl-PL"},{"@type":"Organization","@id":"https:\/\/www.van2go.travel\/#organization","name":"Van2Go","url":"https:\/\/www.van2go.travel\/","logo":{"@type":"ImageObject","inLanguage":"pl-PL","@id":"https:\/\/www.van2go.travel\/#\/schema\/logo\/image\/","url":"https:\/\/www.van2go.travel\/wp-content\/uploads\/2021\/12\/Van2Go-Original-Logo_Schrift-rechts-gross.png","contentUrl":"https:\/\/www.van2go.travel\/wp-content\/uploads\/2021\/12\/Van2Go-Original-Logo_Schrift-rechts-gross.png","width":2825,"height":1008,"caption":"Van2Go"},"image":{"@id":"https:\/\/www.van2go.travel\/#\/schema\/logo\/image\/"},"sameAs":["https:\/\/www.facebook.com\/van2go.travel"]},{"@type":"Person","@id":"https:\/\/www.van2go.travel\/#\/schema\/person\/043b23b2eb2e627d08228e78808f9818","name":"Administrator","image":{"@type":"ImageObject","inLanguage":"pl-PL","@id":"https:\/\/www.van2go.travel\/#\/schema\/person\/image\/","url":"https:\/\/secure.gravatar.com\/avatar\/3ee596e232b00901de3737128c55d4ad?s=96&d=mm&r=g","contentUrl":"https:\/\/secure.gravatar.com\/avatar\/3ee596e232b00901de3737128c55d4ad?s=96&d=mm&r=g","caption":"Administrator"},"sameAs":["http:\/\/van2go.travel"],"url":"https:\/\/www.van2go.travel\/pl\/author\/administrator\/"}]}},"_links":{"self":[{"href":"https:\/\/www.van2go.travel\/pl\/wp-json\/wp\/v2\/posts\/2339","targetHints":{"allow":["GET"]}}],"collection":[{"href":"https:\/\/www.van2go.travel\/pl\/wp-json\/wp\/v2\/posts"}],"about":[{"href":"https:\/\/www.van2go.travel\/pl\/wp-json\/wp\/v2\/types\/post"}],"author":[{"embeddable":true,"href":"https:\/\/www.van2go.travel\/pl\/wp-json\/wp\/v2\/users\/1"}],"replies":[{"embeddable":true,"href":"https:\/\/www.van2go.travel\/pl\/wp-json\/wp\/v2\/comments?post=2339"}],"version-history":[{"count":10,"href":"https:\/\/www.van2go.travel\/pl\/wp-json\/wp\/v2\/posts\/2339\/revisions"}],"predecessor-version":[{"id":2357,"href":"https:\/\/www.van2go.travel\/pl\/wp-json\/wp\/v2\/posts\/2339\/revisions\/2357"}],"wp:featuredmedia":[{"embeddable":true,"href":"https:\/\/www.van2go.travel\/pl\/wp-json\/wp\/v2\/media\/2335"}],"wp:attachment":[{"href":"https:\/\/www.van2go.travel\/pl\/wp-json\/wp\/v2\/media?parent=2339"}],"wp:term":[{"taxonomy":"category","embeddable":true,"href":"https:\/\/www.van2go.travel\/pl\/wp-json\/wp\/v2\/categories?post=2339"},{"taxonomy":"post_tag","embeddable":true,"href":"https:\/\/www.van2go.travel\/pl\/wp-json\/wp\/v2\/tags?post=2339"}],"curies":[{"name":"wp","href":"https:\/\/api.w.org\/{rel}","templated":true}]}}